{"id":83840,"date":"2023-07-17T11:09:13","date_gmt":"2023-07-17T09:09:13","guid":{"rendered":"https:\/\/www.fotocasa.es\/fotocasa-life\/?p=83840"},"modified":"2023-07-17T11:40:50","modified_gmt":"2023-07-17T09:40:50","slug":"entrevistas-a-los-partidos-politicos-sobre-vivienda-para-las-elecciones-del-23j","status":"publish","type":"post","link":"https:\/\/www.fotocasa.es\/fotocasa-life\/sector\/entrevistas-a-los-partidos-politicos-sobre-vivienda-para-las-elecciones-del-23j\/","title":{"rendered":"Entrevistas a los principales partidos pol\u00edticos sobre las medidas de vivienda que proponen para las elecciones del 23J"},"content":{"rendered":"<p><b>Las elecciones generales en Espa\u00f1a tendr\u00e1n lugar el pr\u00f3ximo domingo 23 de julio de 2023.<\/b><span style=\"font-weight: 400;\"> Unos comicios que se celebrar\u00e1n en una situaci\u00f3n de cambios en el marco de la vivienda. Las subidas de tipos del Banco Central Europeo, con la consecuente subida del eur\u00edbor y las cuotas de los hipotecados, la reci\u00e9n aprobada ley de vivienda, el dif\u00edcil acceso de los espa\u00f1oles a la compra de una casa o las subidas del precio del alquiler, entre otras. Por ello <\/span><b>desde Fotocasa hemos entrevistado a los partidos con mayor representaci\u00f3n pol\u00edtica en la actualidad sobre los aspectos m\u00e1s relevantes en materia de vivienda <\/b><span style=\"font-weight: 400;\">y sus propuestas de cara a la pr\u00f3xima legislatura.\u00a0<\/span><\/p>\n<h2><span style=\"font-weight: 400;\">Entrevista a PSOE en materia de vivienda para la elecciones 23J<\/span><\/h2>\n<p><span style=\"font-weight: 400;\">Entrevistamos a <\/span><b>Arcadi Espa\u00f1a<\/b><span style=\"font-weight: 400;\">, Secretario de Transportes, Movilidad Sostenible, Vivienda y Agenda Urbana.<\/span><\/p>\n<p><span style=\"font-weight: 400;\">\u201cDesde el MITMA se han impulsado numerosas medidas para favorecer el acceso a la vivienda por parte de j\u00f3venes.\u201d<\/span><\/p>\n<p><span style=\"font-weight: 400;\"><section class=\"mini-posts\"><div class=\"row align-items-center\"><div class=\"col-4 col-md-3 pt-2 pb-2\"><div class=\"mini-posts__image\"><a href=\"https:\/\/www.fotocasa.es\/fotocasa-life\/sector\/entrevista-a-psoe-para-el-23j\/\"><img decoding=\"async\" src=\"https:\/\/www.fotocasa.es\/fotocasa-life\/wp-content\/uploads\/2023\/07\/Aracadi-Espana-23j-1-355x230.jpg\" alt=\"Entrevista a Arcadi Espa\u00f1a, Secretario de Transportes, Movilidad Sostenible, Vivienda y Agenda Urbana, sobre las propuestas de vivienda para el 23J\" title=\"-\"><\/a><\/div><\/div><div class=\"col-8 col-md-9 pt-2 pb-2\"><h3 class=\"mini-posts__title\"><a href=\"https:\/\/www.fotocasa.es\/fotocasa-life\/sector\/entrevista-a-psoe-para-el-23j\/\">Entrevista a Arcadi Espa\u00f1a, Secretario de Transportes, Movilidad Sostenible, Vivienda y Agenda Urbana, sobre las propuestas de vivienda para el 23J<\/a><\/h3><\/div><\/div><\/section><\/span><\/p>\n<h2><span style=\"font-weight: 400;\">Entrevista a PP en materia de vivienda para la elecciones 23J<\/span><\/h2>\n<p><span style=\"font-weight: 400;\">Entrevistamos a <\/span><b>Ana Zurita<\/b><span style=\"font-weight: 400;\">, Secretaria de Vivienda del Partido Popular y Candidata al Senado por Tenerife.\u00a0<\/span><\/p>\n<p><span style=\"font-weight: 400;\">\u201cDesde el Partido Popular apostamos por un gran Pacto por la Vivienda, que refleje una estrategia transversal y vertical.\u201d<\/span><\/p>\n<p><span style=\"font-weight: 400;\"><section class=\"mini-posts\"><div class=\"row align-items-center\"><div class=\"col-4 col-md-3 pt-2 pb-2\"><div class=\"mini-posts__image\"><a href=\"https:\/\/www.fotocasa.es\/fotocasa-life\/sector\/entrevista-a-partido-popular-para-el-23j\/\"><img decoding=\"async\" src=\"https:\/\/www.fotocasa.es\/fotocasa-life\/wp-content\/uploads\/2023\/07\/Ana-Zurita-23j-355x230.jpg\" alt=\"Entrevista a Ana Zurita, Secretaria de Vivienda del Partido Popular, sobre las propuestas de vivienda de su partido para el 23J\" title=\"-\"><\/a><\/div><\/div><div class=\"col-8 col-md-9 pt-2 pb-2\"><h3 class=\"mini-posts__title\"><a href=\"https:\/\/www.fotocasa.es\/fotocasa-life\/sector\/entrevista-a-partido-popular-para-el-23j\/\">Entrevista a Ana Zurita, Secretaria de Vivienda del Partido Popular, sobre las propuestas de vivienda de su partido para el 23J<\/a><\/h3><\/div><\/div><\/section><\/span><\/p>\n<h2><span style=\"font-weight: 400;\">Entrevista a VOX en materia de vivienda para la elecciones 23J<\/span><\/h2>\n<p><span style=\"font-weight: 400;\">Desde Fotocasa entrevistamos a<\/span><b> Jos\u00e9 Luis Ruiz Bartolom\u00e9<\/b><span style=\"font-weight: 400;\">, Portavoz Adjunto de Vox en la Asamblea de Madrid y responsable de urbanismo y vivienda.<\/span><\/p>\n<p><span style=\"font-weight: 400;\">\u201cLa vivienda es uno de los grandes problemas para los espa\u00f1oles, y por tanto ser\u00e1 una de las grandes prioridades para un gobierno de VOX.\u201d<\/span><\/p>\n<p><span style=\"font-weight: 400;\"><section class=\"mini-posts\"><div class=\"row align-items-center\"><div class=\"col-4 col-md-3 pt-2 pb-2\"><div class=\"mini-posts__image\"><a href=\"https:\/\/www.fotocasa.es\/fotocasa-life\/sector\/entrevista-a-vox-para-el-23j\/\"><img decoding=\"async\" src=\"https:\/\/www.fotocasa.es\/fotocasa-life\/wp-content\/uploads\/2023\/07\/Jose-Luis-Ruiz-23j-355x230.png\" alt=\"Entrevista a Jos\u00e9 Luis Ruiz Bartolom\u00e9, Portavoz Adjunto de Vox en la Asamblea de Madrid, sobre las propuestas de vivienda de su partido para el 23J\" title=\"-\"><\/a><\/div><\/div><div class=\"col-8 col-md-9 pt-2 pb-2\"><h3 class=\"mini-posts__title\"><a href=\"https:\/\/www.fotocasa.es\/fotocasa-life\/sector\/entrevista-a-vox-para-el-23j\/\">Entrevista a Jos\u00e9 Luis Ruiz Bartolom\u00e9, Portavoz Adjunto de Vox en la Asamblea de Madrid, sobre las propuestas de vivienda de su partido para el 23J<\/a><\/h3><\/div><\/div><\/section><\/span><\/p>\n<h2><span style=\"font-weight: 400;\">Entrevista a SUMAR en materia de vivienda para la elecciones 23J<\/span><\/h2>\n<p><span style=\"font-weight: 400;\">Desde Fotocasa entrevistamos a <\/span><b>Alejandra Jacinto<\/b><span style=\"font-weight: 400;\">, portavoz de vivienda de SUMAR. \u201cDesarrollaremos y haremos cumplir la declaraci\u00f3n de mercado tensionado de la Ley por el Derecho a la Vivienda en todos los \u00e1mbitos geogr\u00e1ficos que cumplan los requisitos que establece la Ley\u201d<\/span><\/p>\n<p><span style=\"font-weight: 400;\"><section class=\"mini-posts\"><div class=\"row align-items-center\"><div class=\"col-4 col-md-3 pt-2 pb-2\"><div class=\"mini-posts__image\"><a href=\"https:\/\/www.fotocasa.es\/fotocasa-life\/sector\/entrevista-a-sumar-para-el-23j\/\"><img decoding=\"async\" src=\"https:\/\/www.fotocasa.es\/fotocasa-life\/wp-content\/uploads\/2023\/07\/Alejandra-Jacinto-23j-355x230.png\" alt=\"Entrevista a Alejandra Jacinto, portavoz de vivienda de SUMAR, sobre las propuestas de vivienda de su partido para el 23J\" title=\"-\"><\/a><\/div><\/div><div class=\"col-8 col-md-9 pt-2 pb-2\"><h3 class=\"mini-posts__title\"><a href=\"https:\/\/www.fotocasa.es\/fotocasa-life\/sector\/entrevista-a-sumar-para-el-23j\/\">Entrevista a Alejandra Jacinto, portavoz de vivienda de SUMAR, sobre las propuestas de vivienda de su partido para el 23J<\/a><\/h3><\/div><\/div><\/section><\/span><\/p>\n","protected":false},"excerpt":{"rendered":"<p>Entrevistamos a los partidos pol\u00edticos con mayor representaci\u00f3n actual sobre el sector inmobiliario y sus propuestas en esta materia de cara a las elecciones del 23J<\/p>\n","protected":false},"author":3,"featured_media":83907,"comment_status":"open","ping_status":"closed","sticky":false,"template":"","format":"standard","meta":{"_lmt_disableupdate":"yes","_lmt_disable":"","footnotes":""},"categories":[2327],"tags":[8797,8814,8798,4578,1665,4441,1732,2691,8800,2694],"class_list":["post-83840","post","type-post","status-publish","format-standard","has-post-thumbnail","hentry","category-sector","tag-23j","tag-elecciones","tag-elecciones-23j","tag-entrevistas","tag-ley-de-vivienda","tag-partido-popular","tag-partidos-politicos","tag-psoe","tag-sumar","tag-vox"],"modified_by":"Agustina Battioli","_links":{"self":[{"href":"https:\/\/www.fotocasa.es\/fotocasa-life\/wp-json\/wp\/v2\/posts\/83840","targetHints":{"allow":["GET"]}}],"collection":[{"href":"https:\/\/www.fotocasa.es\/fotocasa-life\/wp-json\/wp\/v2\/posts"}],"about":[{"href":"https:\/\/www.fotocasa.es\/fotocasa-life\/wp-json\/wp\/v2\/types\/post"}],"author":[{"embeddable":true,"href":"https:\/\/www.fotocasa.es\/fotocasa-life\/wp-json\/wp\/v2\/users\/3"}],"replies":[{"embeddable":true,"href":"https:\/\/www.fotocasa.es\/fotocasa-life\/wp-json\/wp\/v2\/comments?post=83840"}],"version-history":[{"count":0,"href":"https:\/\/www.fotocasa.es\/fotocasa-life\/wp-json\/wp\/v2\/posts\/83840\/revisions"}],"wp:featuredmedia":[{"embeddable":true,"href":"https:\/\/www.fotocasa.es\/fotocasa-life\/wp-json\/wp\/v2\/media\/83907"}],"wp:attachment":[{"href":"https:\/\/www.fotocasa.es\/fotocasa-life\/wp-json\/wp\/v2\/media?parent=83840"}],"wp:term":[{"taxonomy":"category","embeddable":true,"href":"https:\/\/www.fotocasa.es\/fotocasa-life\/wp-json\/wp\/v2\/categories?post=83840"},{"taxonomy":"post_tag","embeddable":true,"href":"https:\/\/www.fotocasa.es\/fotocasa-life\/wp-json\/wp\/v2\/tags?post=83840"}],"curies":[{"name":"wp","href":"https:\/\/api.w.org\/{rel}","templated":true}]}}