{"id":83838,"date":"2023-07-17T08:50:12","date_gmt":"2023-07-17T06:50:12","guid":{"rendered":"https:\/\/www.fotocasa.es\/fotocasa-life\/?p=83838"},"modified":"2023-07-18T11:14:28","modified_gmt":"2023-07-18T09:14:28","slug":"entrevista-a-psoe-para-el-23j","status":"publish","type":"post","link":"https:\/\/www.fotocasa.es\/fotocasa-life\/sector\/entrevista-a-psoe-para-el-23j\/","title":{"rendered":"Entrevista a Arcadi Espa\u00f1a, Secretario de Transportes, Movilidad Sostenible, Vivienda y Agenda Urbana, sobre las propuestas de vivienda para el 23J"},"content":{"rendered":"<p><span style=\"font-weight: 400;\">Las elecciones generales en Espa\u00f1a tendr\u00e1n lugar el pr\u00f3ximo domingo 23 de julio de 2023. La vivienda es uno de los principales puntos de propuestas de pr\u00e1cticamente todos los partidos pol\u00edticos y una de las materias que m\u00e1s preocupan a los ciudadanos. Por ello\u00a0 <\/span><span style=\"font-weight: 400;\">desde Fotocasa hoy entrevistamos a Arcadi Espa\u00f1a, Secretario de Transportes, Movilidad Sostenible, Vivienda y Agenda Urbana, <strong>sobre el sector de la vivienda en Espa\u00f1a y sus propuestas de cara a las elecciones del 23J.<\/strong><\/span><\/p>\n<p><span style=\"font-weight: 400;\"><section class=\"mini-posts\"><div class=\"row align-items-center\"><div class=\"col-4 col-md-3 pt-2 pb-2\"><div class=\"mini-posts__image\"><a href=\"https:\/\/www.fotocasa.es\/fotocasa-life\/sector\/entrevistas-a-los-partidos-politicos-sobre-vivienda-para-las-elecciones-del-23j\/\"><img decoding=\"async\" src=\"https:\/\/www.fotocasa.es\/fotocasa-life\/wp-content\/uploads\/2023\/07\/23j-entrevistas-355x230.jpg\" alt=\"Entrevistas a los principales partidos pol\u00edticos sobre las medidas de vivienda que proponen para las elecciones del 23J\" title=\"-\"><\/a><\/div><\/div><div class=\"col-8 col-md-9 pt-2 pb-2\"><h3 class=\"mini-posts__title\"><a href=\"https:\/\/www.fotocasa.es\/fotocasa-life\/sector\/entrevistas-a-los-partidos-politicos-sobre-vivienda-para-las-elecciones-del-23j\/\">Entrevistas a los principales partidos pol\u00edticos sobre las medidas de vivienda que proponen para las elecciones del 23J<\/a><\/h3><\/div><\/div><\/section><\/span><\/p>\n<h2><b>Entrevista a Arcadi Espa\u00f1a, Secretario de Transportes, Movilidad Sostenible, Vivienda y Agenda Urbana<\/b><\/h2>\n<h3><b>El esfuerzo para ahorrar el dinero necesario para comprar una vivienda no ha parado de crecer en los \u00faltimos a\u00f1os, haciendo cada vez m\u00e1s dif\u00edcil a los ciudadanos acceder a la compra de una vivienda \u00bfpodremos ver medidas como la L\u00ednea Mitma-ICO para un perfil m\u00e1s amplio de la poblaci\u00f3n?<\/b><\/h3>\n<p><span style=\"font-weight: 400;\">La nueva l\u00ednea de avales para la adquisici\u00f3n de la primera vivienda, aprobada por Real Decreto-ley 5\/2023, de 28 de junio, <strong>est\u00e1 dirigida de un modo particular a dos colectivos que atraviesan especiales dificultades para acceder a la compra de su primera vivienda<\/strong>, como son los j\u00f3venes y a familias con menores a su cargo. Se trata de una l\u00ednea de avales dotada con hasta 2.500 millones de euros.<\/span><\/p>\n<p><span style=\"font-weight: 400;\">Los avales est\u00e1n dirigidos a j\u00f3venes de hasta 35 a\u00f1os y familias con menores a su cargo sin l\u00edmite de edad con ingresos individuales de hasta 37.800 euros brutos al a\u00f1o (4,5 veces el IPREM). En el caso de que la vivienda sea adquirida por dos personas, el l\u00edmite de ingresos se elevar\u00e1 al doble. Es decir, <strong>los ingresos de los dos adquirientes no podr\u00e1n superar en conjunto, la suma del l\u00edmite establecido para cada uno.<\/strong><\/span><\/p>\n<p><span style=\"font-weight: 400;\">Adem\u00e1s,<strong> la medida cuenta con factores de mejora en funci\u00f3n del n\u00famero de hijos y de si la familia es monoparental.<\/strong> As\u00ed, dicho l\u00edmite se incrementar\u00e1 en 0,3 veces el IPREM (2.520 euros brutos anuales) por cada menor a cargo y, adem\u00e1s, en el caso de familia monoparental el l\u00edmite se podr\u00e1 incrementar en un 70% adicional.<\/span><\/p>\n","protected":false},"excerpt":{"rendered":"<p>Entrevistamos a los partidos pol\u00edticos sobre el sector inmobiliario y sus propuestas en esta materia de cara a las elecciones del 23J<\/p>\n","protected":false},"author":3,"featured_media":83908,"comment_status":"open","ping_status":"closed","sticky":false,"template":"","format":"standard","meta":{"_lmt_disableupdate":"yes","_lmt_disable":"","footnotes":""},"categories":[2327],"tags":[8797,8798,503,1665,1732,2691],"class_list":["post-83838","post","type-post","status-publish","format-standard","has-post-thumbnail","hentry","category-sector","tag-23j","tag-elecciones-23j","tag-entrevista","tag-ley-de-vivienda","tag-partidos-politicos","tag-psoe"],"modified_by":"Agustina Battioli","_links":{"self":[{"href":"https:\/\/www.fotocasa.es\/fotocasa-life\/wp-json\/wp\/v2\/posts\/83838","targetHints":{"allow":["GET"]}}],"collection":[{"href":"https:\/\/www.fotocasa.es\/fotocasa-life\/wp-json\/wp\/v2\/posts"}],"about":[{"href":"https:\/\/www.fotocasa.es\/fotocasa-life\/wp-json\/wp\/v2\/types\/post"}],"author":[{"embeddable":true,"href":"https:\/\/www.fotocasa.es\/fotocasa-life\/wp-json\/wp\/v2\/users\/3"}],"replies":[{"embeddable":true,"href":"https:\/\/www.fotocasa.es\/fotocasa-life\/wp-json\/wp\/v2\/comments?post=83838"}],"version-history":[{"count":0,"href":"https:\/\/www.fotocasa.es\/fotocasa-life\/wp-json\/wp\/v2\/posts\/83838\/revisions"}],"wp:featuredmedia":[{"embeddable":true,"href":"https:\/\/www.fotocasa.es\/fotocasa-life\/wp-json\/wp\/v2\/media\/83908"}],"wp:attachment":[{"href":"https:\/\/www.fotocasa.es\/fotocasa-life\/wp-json\/wp\/v2\/media?parent=83838"}],"wp:term":[{"taxonomy":"category","embeddable":true,"href":"https:\/\/www.fotocasa.es\/fotocasa-life\/wp-json\/wp\/v2\/categories?post=83838"},{"taxonomy":"post_tag","embeddable":true,"href":"https:\/\/www.fotocasa.es\/fotocasa-life\/wp-json\/wp\/v2\/tags?post=83838"}],"curies":[{"name":"wp","href":"https:\/\/api.w.org\/{rel}","templated":true}]}}