{"id":83835,"date":"2023-07-17T08:50:11","date_gmt":"2023-07-17T06:50:11","guid":{"rendered":"https:\/\/www.fotocasa.es\/fotocasa-life\/?p=83835"},"modified":"2023-07-18T11:13:33","modified_gmt":"2023-07-18T09:13:33","slug":"entrevista-a-sumar-para-el-23j","status":"publish","type":"post","link":"https:\/\/www.fotocasa.es\/fotocasa-life\/sector\/entrevista-a-sumar-para-el-23j\/","title":{"rendered":"Entrevista a Alejandra Jacinto, portavoz de vivienda de SUMAR, sobre las propuestas de vivienda de su partido para el 23J"},"content":{"rendered":"<p><span style=\"font-weight: 400;\">Las elecciones generales en Espa\u00f1a tendr\u00e1n lugar el pr\u00f3ximo domingo 23 de julio de 2023. La vivienda es uno de los principales puntos de propuestas de pr\u00e1cticamente todos los partidos pol\u00edticos y una de las materias que m\u00e1s preocupan a los ciudadanos. Por ello\u00a0 <\/span><span style=\"font-weight: 400;\">desde Fotocasa hoy entrevistamos a Alejandra Jacinto, portavoz de vivienda de SUMAR,<strong> sobre el sector de la vivienda en Espa\u00f1a y sus propuestas de cara a las elecciones del 23J.<\/strong><\/span><\/p>\n<p><span style=\"font-weight: 400;\"><section class=\"mini-posts\"><div class=\"row align-items-center\"><div class=\"col-4 col-md-3 pt-2 pb-2\"><div class=\"mini-posts__image\"><a href=\"https:\/\/www.fotocasa.es\/fotocasa-life\/sector\/entrevistas-a-los-partidos-politicos-sobre-vivienda-para-las-elecciones-del-23j\/\"><img decoding=\"async\" src=\"https:\/\/www.fotocasa.es\/fotocasa-life\/wp-content\/uploads\/2023\/07\/23j-entrevistas-355x230.jpg\" alt=\"Entrevistas a los principales partidos pol\u00edticos sobre las medidas de vivienda que proponen para las elecciones del 23J\" title=\"-\"><\/a><\/div><\/div><div class=\"col-8 col-md-9 pt-2 pb-2\"><h3 class=\"mini-posts__title\"><a href=\"https:\/\/www.fotocasa.es\/fotocasa-life\/sector\/entrevistas-a-los-partidos-politicos-sobre-vivienda-para-las-elecciones-del-23j\/\">Entrevistas a los principales partidos pol\u00edticos sobre las medidas de vivienda que proponen para las elecciones del 23J<\/a><\/h3><\/div><\/div><\/section><\/span><\/p>\n<h2><b>Entrevista a Alejandra Jacinto, portavoz de vivienda de SUMAR<\/b><\/h2>\n<h3><b>El esfuerzo para ahorrar el dinero necesario para comprar una vivienda no ha parado de crecer en los \u00faltimos a\u00f1os, haciendo cada vez m\u00e1s dif\u00edcil a los ciudadanos acceder a la compra de una vivienda \u00bfpodremos ver medidas como la L\u00ednea Mitma-ICO para un perfil m\u00e1s amplio de la poblaci\u00f3n?\u00a0<\/b><\/h3>\n<p><span style=\"font-weight: 400;\">No creemos que la soluci\u00f3n a la crisis de vivienda pase por inflar artificialmente la demanda. <strong>La medida de avales ICO no es nueva en el contexto internacional. La medida ha sido aplicada de forma desastrosa en varios pa\u00edses durante d\u00e9cadas:<\/strong> en Reino Unido (Help to Buy de M- Thatcher), Canad\u00e1, Australia y Nueva Zelanda, entre otros. Con evaluaciones rigurosas de la medida, el resultado ha sido el siguiente:\u00a0<\/span><\/p>\n<ul>\n<li style=\"font-weight: 400;\" aria-level=\"1\"><span style=\"font-weight: 400;\"><strong>Es una ayuda que es inflacionista<\/strong>. Los precios de las viviendas se disparan, tanto para la compra, pero tambi\u00e9n para el alquiler por arrastre, v\u00eda reactivaci\u00f3n del cr\u00e9dito hipotecario y aumento de expectativas de revalorizaci\u00f3n. En un contexto de oferta r\u00edgida, el aval ICO como pol\u00edtica de demanda genera inflaci\u00f3n.\u00a0\u00a0<\/span><\/li>\n<li style=\"font-weight: 400;\" aria-level=\"1\"><span style=\"font-weight: 400;\"><strong>Es una medida regresiva.<\/strong> Aunque haya topes de ingresos para acceder a ella. Este tope es muy alto para los ingresos medios espa\u00f1oles (37.000\u20ac una persona, 74.000\u20ac para una pareja), y como qui\u00e9n concede la hipoteca es la banca, esta seleccionar\u00e1 los perfiles con mayores ingresos, dejando detr\u00e1s a los m\u00e1s vulnerables. Medida que de hecho beneficia a personas con mejores ingresos y perjudica a m\u00e1s vulnerables por la subida de precios de los inmuebles.\u00a0<\/span><\/li>\n<li style=\"font-weight: 400;\" aria-level=\"1\"><span style=\"font-weight: 400;\"><strong>Es una ayuda a la banca disfrazada de pol\u00edtica social<\/strong>, dado que privatiza los beneficios, pero socializa las p\u00e9rdidas (paga el Estado el riesgo de impago y la Banca se queda con el beneficio).\u00a0<\/span><\/li>\n<\/ul>\n<h3><b>En Espa\u00f1a, de acuerdo con un estudio de Eurostat, los j\u00f3venes se emancipan casi a los 30 a\u00f1os \u00bfqu\u00e9 medidas creen que son las m\u00e1s adecuadas para ayudar a este colectivo a acceder a una vivienda &#8211; en alquiler &#8211; a una edad m\u00e1s temprana?<\/b><\/h3>\n<p><span style=\"font-weight: 400;\">La combinaci\u00f3n de tres medidas:\u00a0<\/span><\/p>\n<ol>\n<li style=\"font-weight: 400;\" aria-level=\"1\"><span style=\"font-weight: 400;\">La creaci\u00f3n de un <strong>gran parque protegido de vivienda de hasta 2 millones de viviendas en 10 a\u00f1os.<\/strong> De las cuales algunas se destinar\u00e1n especialmente para j\u00f3venes.\u00a0<\/span><\/li>\n<li style=\"font-weight: 400;\" aria-level=\"1\"><span style=\"font-weight: 400;\">El aumento de las ayudas al alquiler, de las habr\u00e1 una l\u00ednea destinada especialmente para j\u00f3venes (bono joven).\u00a0<\/span><\/li>\n<li style=\"font-weight: 400;\" aria-level=\"1\"><span style=\"font-weight: 400;\">La obligaci\u00f3n de aplicar la regulaci\u00f3n de alquileres a todas las zonas de mercado tensionado de Espa\u00f1a. Que servir\u00e1 como medida de choque para, mientras se construyen las viviendas sociales, ofrecer mayor seguridad de la tenencia a los j\u00f3venes.\u00a0<\/span><\/li>\n<\/ol>\n<h3><b>En cuanto al bono joven de ayuda al alquiler, supone un respiro para la mayor\u00eda de j\u00f3venes pero seg\u00fan el precio medio de una vivienda en ciudades tensionadas como Madrid o Barcelona, el l\u00edmite de los 900\u20ac de renta se queda muy por debajo, haciendo que los j\u00f3venes que realizan un mayor esfuerzo salarial no puedan optar al bono. \u00bfHan pensado en ampliar el l\u00edmite?<\/b><\/h3>\n<p><span style=\"font-weight: 400;\">Si, <strong>valoramos positivamente ampliar el l\u00edmite en ciudad especialmente tensas,<\/strong> pero siempre y cuando se haya declarado la ciudad como mercado tensionado y se est\u00e9 aplicando una regulaci\u00f3n de alquileres junto a un programa de construcci\u00f3n masiva de vivienda protegida. Porque en caso contrario, estar\u00edamos de nuevo, inflando artificialmente los precios y dando una ayuda a los propietarios disfrazado de pol\u00edtica social.\u00a0<\/span><\/p>\n","protected":false},"excerpt":{"rendered":"<p>Entrevistamos a los partidos pol\u00edticos sobre el sector inmobiliario y sus propuestas en esta materia de cara a las elecciones del 23J<\/p>\n","protected":false},"author":3,"featured_media":83836,"comment_status":"open","ping_status":"closed","sticky":false,"template":"","format":"standard","meta":{"_lmt_disableupdate":"yes","_lmt_disable":"","footnotes":""},"categories":[2327],"tags":[8797,8798,503,1665,8799,8800,2302],"class_list":["post-83835","post","type-post","status-publish","format-standard","has-post-thumbnail","hentry","category-sector","tag-23j","tag-elecciones-23j","tag-entrevista","tag-ley-de-vivienda","tag-partidos-politicios","tag-sumar","tag-vivienda"],"modified_by":"Agustina Battioli","_links":{"self":[{"href":"https:\/\/www.fotocasa.es\/fotocasa-life\/wp-json\/wp\/v2\/posts\/83835","targetHints":{"allow":["GET"]}}],"collection":[{"href":"https:\/\/www.fotocasa.es\/fotocasa-life\/wp-json\/wp\/v2\/posts"}],"about":[{"href":"https:\/\/www.fotocasa.es\/fotocasa-life\/wp-json\/wp\/v2\/types\/post"}],"author":[{"embeddable":true,"href":"https:\/\/www.fotocasa.es\/fotocasa-life\/wp-json\/wp\/v2\/users\/3"}],"replies":[{"embeddable":true,"href":"https:\/\/www.fotocasa.es\/fotocasa-life\/wp-json\/wp\/v2\/comments?post=83835"}],"version-history":[{"count":0,"href":"https:\/\/www.fotocasa.es\/fotocasa-life\/wp-json\/wp\/v2\/posts\/83835\/revisions"}],"wp:featuredmedia":[{"embeddable":true,"href":"https:\/\/www.fotocasa.es\/fotocasa-life\/wp-json\/wp\/v2\/media\/83836"}],"wp:attachment":[{"href":"https:\/\/www.fotocasa.es\/fotocasa-life\/wp-json\/wp\/v2\/media?parent=83835"}],"wp:term":[{"taxonomy":"category","embeddable":true,"href":"https:\/\/www.fotocasa.es\/fotocasa-life\/wp-json\/wp\/v2\/categories?post=83835"},{"taxonomy":"post_tag","embeddable":true,"href":"https:\/\/www.fotocasa.es\/fotocasa-life\/wp-json\/wp\/v2\/tags?post=83835"}],"curies":[{"name":"wp","href":"https:\/\/api.w.org\/{rel}","templated":true}]}}