{"id":83829,"date":"2023-07-17T08:52:16","date_gmt":"2023-07-17T06:52:16","guid":{"rendered":"https:\/\/www.fotocasa.es\/fotocasa-life\/?p=83829"},"modified":"2023-07-18T11:15:26","modified_gmt":"2023-07-18T09:15:26","slug":"entrevista-a-partido-popular-para-el-23j","status":"publish","type":"post","link":"https:\/\/www.fotocasa.es\/fotocasa-life\/sector\/entrevista-a-partido-popular-para-el-23j\/","title":{"rendered":"Entrevista a Ana Zurita, Secretaria de Vivienda del Partido Popular, sobre las propuestas de vivienda de su partido para el 23J"},"content":{"rendered":"<p><span style=\"font-weight: 400;\">Las elecciones generales en Espa\u00f1a tendr\u00e1n lugar el pr\u00f3ximo domingo 23 de julio de 2023. La vivienda es uno de los principales puntos de propuestas de pr\u00e1cticamente todos los partidos pol\u00edticos y una de las materias que m\u00e1s preocupan a los ciudadanos. Por ello desde Fotocasa hoy entrevistamos a Ana Zurita,\u00a0 Secretaria de Vivienda del Partido Popular y Candidata al Senado por Tenerife, <strong>sobre el sector de la vivienda en Espa\u00f1a y sus propuestas de cara a las elecciones del 23J<\/strong>.<\/span><\/p>\n<p><span style=\"font-weight: 400;\"><section class=\"mini-posts\"><div class=\"row align-items-center\"><div class=\"col-4 col-md-3 pt-2 pb-2\"><div class=\"mini-posts__image\"><a href=\"https:\/\/www.fotocasa.es\/fotocasa-life\/sector\/entrevistas-a-los-partidos-politicos-sobre-vivienda-para-las-elecciones-del-23j\/\"><img decoding=\"async\" src=\"https:\/\/www.fotocasa.es\/fotocasa-life\/wp-content\/uploads\/2023\/07\/23j-entrevistas-355x230.jpg\" alt=\"Entrevistas a los principales partidos pol\u00edticos sobre las medidas de vivienda que proponen para las elecciones del 23J\" title=\"-\"><\/a><\/div><\/div><div class=\"col-8 col-md-9 pt-2 pb-2\"><h3 class=\"mini-posts__title\"><a href=\"https:\/\/www.fotocasa.es\/fotocasa-life\/sector\/entrevistas-a-los-partidos-politicos-sobre-vivienda-para-las-elecciones-del-23j\/\">Entrevistas a los principales partidos pol\u00edticos sobre las medidas de vivienda que proponen para las elecciones del 23J<\/a><\/h3><\/div><\/div><\/section><\/span><\/p>\n<h2><b>Entrevista a Ana Zurita, Secretaria de Vivienda del Partido Popular, Candidata al Senado por Tenerife<\/b><\/h2>\n<h3><b>\u00bfC\u00f3mo ve en estos momentos el mercado de la vivienda y la accesibilidad habitacional de los ciudadanos? \u00bfCu\u00e1les son los retos que tiene este sector y que la pol\u00edtica puede mejorar?<\/b><\/h3>\n<p><span style=\"font-weight: 400;\">El <strong>mercado de la Vivienda en Espa\u00f1a est\u00e1 sufriendo importantes amenazas<\/strong> debido a decisiones pol\u00edticas de los \u00faltimos cinco a\u00f1os que no han acompa\u00f1ado a la situaci\u00f3n social y econ\u00f3mica en materia de vivienda.\u00a0<\/span><\/p>\n<p><span style=\"font-weight: 400;\">Ya en 2018, por causas diversas,<strong> se empieza a vislumbrar en determinadas ciudades espa\u00f1olas, principalmente capitales de provincias, ciudades costeras, un alza de los precios de vivienda en alquiler<\/strong>, alza que respond\u00eda a dos causas principales, la falta de oferta, la escasez de suelo para producir vivienda y la inseguridad jur\u00eddica de una legislaci\u00f3n cambiante que poco a poco ha derivado en una legislaci\u00f3n absolutamente intervencionista, que intenta cargar la pol\u00edtica de vivienda que el Gobierno no ha hecho sobre los propietarios privados.<\/span><\/p>\n","protected":false},"excerpt":{"rendered":"<p>Entrevistamos a los partidos pol\u00edticos sobre el sector inmobiliario y sus propuestas en esta materia de cara a las elecciones del 23J<\/p>\n","protected":false},"author":3,"featured_media":83830,"comment_status":"open","ping_status":"closed","sticky":false,"template":"","format":"standard","meta":{"_lmt_disableupdate":"yes","_lmt_disable":"","footnotes":""},"categories":[2327],"tags":[8797,8798,503,1665,1732,2692,2302],"class_list":["post-83829","post","type-post","status-publish","format-standard","has-post-thumbnail","hentry","category-sector","tag-23j","tag-elecciones-23j","tag-entrevista","tag-ley-de-vivienda","tag-partidos-politicos","tag-pp","tag-vivienda"],"modified_by":"Agustina Battioli","_links":{"self":[{"href":"https:\/\/www.fotocasa.es\/fotocasa-life\/wp-json\/wp\/v2\/posts\/83829","targetHints":{"allow":["GET"]}}],"collection":[{"href":"https:\/\/www.fotocasa.es\/fotocasa-life\/wp-json\/wp\/v2\/posts"}],"about":[{"href":"https:\/\/www.fotocasa.es\/fotocasa-life\/wp-json\/wp\/v2\/types\/post"}],"author":[{"embeddable":true,"href":"https:\/\/www.fotocasa.es\/fotocasa-life\/wp-json\/wp\/v2\/users\/3"}],"replies":[{"embeddable":true,"href":"https:\/\/www.fotocasa.es\/fotocasa-life\/wp-json\/wp\/v2\/comments?post=83829"}],"version-history":[{"count":0,"href":"https:\/\/www.fotocasa.es\/fotocasa-life\/wp-json\/wp\/v2\/posts\/83829\/revisions"}],"wp:featuredmedia":[{"embeddable":true,"href":"https:\/\/www.fotocasa.es\/fotocasa-life\/wp-json\/wp\/v2\/media\/83830"}],"wp:attachment":[{"href":"https:\/\/www.fotocasa.es\/fotocasa-life\/wp-json\/wp\/v2\/media?parent=83829"}],"wp:term":[{"taxonomy":"category","embeddable":true,"href":"https:\/\/www.fotocasa.es\/fotocasa-life\/wp-json\/wp\/v2\/categories?post=83829"},{"taxonomy":"post_tag","embeddable":true,"href":"https:\/\/www.fotocasa.es\/fotocasa-life\/wp-json\/wp\/v2\/tags?post=83829"}],"curies":[{"name":"wp","href":"https:\/\/api.w.org\/{rel}","templated":true}]}}