{"id":83824,"date":"2023-07-17T08:50:10","date_gmt":"2023-07-17T06:50:10","guid":{"rendered":"https:\/\/www.fotocasa.es\/fotocasa-life\/?p=83824"},"modified":"2023-07-19T08:26:06","modified_gmt":"2023-07-19T06:26:06","slug":"entrevista-a-vox-para-el-23j","status":"publish","type":"post","link":"https:\/\/www.fotocasa.es\/fotocasa-life\/sector\/entrevista-a-vox-para-el-23j\/","title":{"rendered":"Entrevista a Jos\u00e9 Luis Ruiz Bartolom\u00e9, Portavoz Adjunto de Vox en la Asamblea de Madrid, sobre las propuestas de vivienda de su partido para el 23J"},"content":{"rendered":"<p><span style=\"font-weight: 400;\">Las elecciones generales en Espa\u00f1a tendr\u00e1n lugar el pr\u00f3ximo domingo <strong>23 de julio de 2023.<\/strong> La vivienda es uno de los principales puntos de propuestas de pr\u00e1cticamente todos los partidos pol\u00edticos y una de las materias que m\u00e1s preocupan a los ciudadanos. Por ello desde Fotocasa hoy entrevistamos a Jos\u00e9 Luis Ruiz Bartolom\u00e9, Portavoz Adjunto de Vox en la Asamblea de Madrid y responsable de urbanismo y vivienda<strong>, sobre el sector de la vivienda en Espa\u00f1a y sus propuestas de cara a las elecciones 23J<\/strong>.<\/span><\/p>\n<p><span style=\"font-weight: 400;\"><section class=\"mini-posts\"><div class=\"row align-items-center\"><div class=\"col-4 col-md-3 pt-2 pb-2\"><div class=\"mini-posts__image\"><a href=\"https:\/\/www.fotocasa.es\/fotocasa-life\/sector\/entrevistas-a-los-partidos-politicos-sobre-vivienda-para-las-elecciones-del-23j\/\"><img decoding=\"async\" src=\"https:\/\/www.fotocasa.es\/fotocasa-life\/wp-content\/uploads\/2023\/07\/23j-entrevistas-355x230.jpg\" alt=\"Entrevistas a los principales partidos pol\u00edticos sobre las medidas de vivienda que proponen para las elecciones del 23J\" title=\"-\"><\/a><\/div><\/div><div class=\"col-8 col-md-9 pt-2 pb-2\"><h3 class=\"mini-posts__title\"><a href=\"https:\/\/www.fotocasa.es\/fotocasa-life\/sector\/entrevistas-a-los-partidos-politicos-sobre-vivienda-para-las-elecciones-del-23j\/\">Entrevistas a los principales partidos pol\u00edticos sobre las medidas de vivienda que proponen para las elecciones del 23J<\/a><\/h3><\/div><\/div><\/section><\/span><\/p>\n<h2><b>Entrevista a Jos\u00e9 Luis Ruiz Bartolom\u00e9, Portavoz Adjunto de Vox en la Asamblea de Madrid y responsable de urbanismo y vivienda<\/b><\/h2>\n<h3><b>El esfuerzo para ahorrar el dinero necesario para comprar una vivienda no ha parado de crecer en los \u00faltimos a\u00f1os, haciendo cada vez m\u00e1s dif\u00edcil a los ciudadanos acceder a la compra de una vivienda \u00bfqu\u00e9 medidas proponen para ayudar a los ciudadanos con este problema? \u00bfCreen que las medidas como L\u00ednea Mitma-ICO son acertadas?\u00a0<\/b><\/h3>\n<p><span style=\"font-weight: 400;\">Comprar una vivienda se ha convertido en un lujo para los espa\u00f1oles de a pie. Tener un hogar es la base para que nuestros j\u00f3venes y familias construyan un proyecto de vida y la Administraci\u00f3n ha fallado hasta ahora para garantizarlo. VOX fue el primer partido que propuso, ya en 2019, <\/span><b>un plan de avales para facilitar una parte del 20% que supone el pago inicial m\u00e1s gastos fiscales y de gesti\u00f3n y que est\u00e1 dejando a muchas familias sin la posibilidad de comprar una vivienda<\/b><span style=\"font-weight: 400;\"> porque no tienen el ahorro suficiente. En esta campa\u00f1a llevamos otras medidas como la construcci\u00f3n de 250.000 viviendas sociales, la liberaci\u00f3n de suelo o la recuperaci\u00f3n de la deducci\u00f3n por vivienda habitual.<\/span><\/p>\n<h3><b>\u00bfPropondr\u00edan medidas similares para ayudar al acceso de la vivienda en propiedad?<\/b><\/h3>\n<p><span style=\"font-weight: 400;\">Lo hemos dicho muchas veces y lo dijimos con el plan de avales: el PSOE s\u00f3lo acierta cuando nos copia. Sin embargo, consideramos que esa l\u00ednea est\u00e1 mal dise\u00f1ada porque de nuevo trata de colectivizar y no tiene como objetivo lo que debe ser la prioridad de un Gobierno responsable: <\/span><b>el acceso a una primera vivienda de cualquier espa\u00f1ol, como base de la prosperidad personal y familiar<\/b><span style=\"font-weight: 400;\">; y el fomento de la familia y la natalidad en que tanto un trabajo digno como el acceso a la vivienda son dos aspiraciones irrenunciables e imprescindibles.<\/span><\/p>\n","protected":false},"excerpt":{"rendered":"<p>Entrevistamos a los partidos pol\u00edticos sobre el sector inmobiliario y sus propuestas en esta materia de cara a las elecciones del 23J<\/p>\n","protected":false},"author":3,"featured_media":83825,"comment_status":"open","ping_status":"closed","sticky":false,"template":"","format":"standard","meta":{"_lmt_disableupdate":"yes","_lmt_disable":"","footnotes":""},"categories":[2327],"tags":[8797,8798,503,1665,1732,2302,2694],"class_list":["post-83824","post","type-post","status-publish","format-standard","has-post-thumbnail","hentry","category-sector","tag-23j","tag-elecciones-23j","tag-entrevista","tag-ley-de-vivienda","tag-partidos-politicos","tag-vivienda","tag-vox"],"modified_by":"Agustina Battioli","_links":{"self":[{"href":"https:\/\/www.fotocasa.es\/fotocasa-life\/wp-json\/wp\/v2\/posts\/83824","targetHints":{"allow":["GET"]}}],"collection":[{"href":"https:\/\/www.fotocasa.es\/fotocasa-life\/wp-json\/wp\/v2\/posts"}],"about":[{"href":"https:\/\/www.fotocasa.es\/fotocasa-life\/wp-json\/wp\/v2\/types\/post"}],"author":[{"embeddable":true,"href":"https:\/\/www.fotocasa.es\/fotocasa-life\/wp-json\/wp\/v2\/users\/3"}],"replies":[{"embeddable":true,"href":"https:\/\/www.fotocasa.es\/fotocasa-life\/wp-json\/wp\/v2\/comments?post=83824"}],"version-history":[{"count":0,"href":"https:\/\/www.fotocasa.es\/fotocasa-life\/wp-json\/wp\/v2\/posts\/83824\/revisions"}],"wp:featuredmedia":[{"embeddable":true,"href":"https:\/\/www.fotocasa.es\/fotocasa-life\/wp-json\/wp\/v2\/media\/83825"}],"wp:attachment":[{"href":"https:\/\/www.fotocasa.es\/fotocasa-life\/wp-json\/wp\/v2\/media?parent=83824"}],"wp:term":[{"taxonomy":"category","embeddable":true,"href":"https:\/\/www.fotocasa.es\/fotocasa-life\/wp-json\/wp\/v2\/categories?post=83824"},{"taxonomy":"post_tag","embeddable":true,"href":"https:\/\/www.fotocasa.es\/fotocasa-life\/wp-json\/wp\/v2\/tags?post=83824"}],"curies":[{"name":"wp","href":"https:\/\/api.w.org\/{rel}","templated":true}]}}