{"id":8369,"date":"2015-10-07T10:38:30","date_gmt":"2015-10-07T08:38:30","guid":{"rendered":"https:\/\/www.fotocasa.es\/fotocasa-life\/?p=8369"},"modified":"2020-11-27T11:29:16","modified_gmt":"2020-11-27T10:29:16","slug":"sareb-lanza-una-campana-para-inversores-y-promotores-con-150-suelos-de-distintos-usos","status":"publish","type":"post","link":"https:\/\/www.fotocasa.es\/fotocasa-life\/compraventa\/sareb-lanza-una-campana-para-inversores-y-promotores-con-150-suelos-de-distintos-usos\/","title":{"rendered":"Sareb lanza una campa\u00f1a para inversores y promotores con 150 suelos de distintos usos"},"content":{"rendered":"<p>La Sociedad de Gesti\u00f3n de Activos Procedentes de la Reestructuraci\u00f3n Bancaria (Sareb) ha lanzado una campa\u00f1a con m\u00e1s de 150 suelos con una edificabilidad aproximada de 1,5 millones de m2 para viviendas, oficinas, uso comercial, hotelero y naves industriales, destinados a inversores y empresas promotoras.<\/p>\n<p>Las parcelas, aunque repartidas por gran parte de Espa\u00f1a, tienen especial presencia en Andaluc\u00eda, Arag\u00f3n, Baleares, Catalu\u00f1a, Comunidad Valenciana y Madrid. Cerca de un tercio del suelo est\u00e1 localizado en la costa y va destinado a promociones de segunda residencia.<\/p>\n<p>Esta nueva campa\u00f1a de Sareb se realizar\u00e1 de manera &#8216;on-line&#8217; a trav\u00e9s de <strong>http:\/\/suelossareb.es<\/strong>, desde donde se puede acceder a la informaci\u00f3n de los activos en venta.<\/p>\n<p>La mayor\u00eda es suelo para promoci\u00f3n residencial, aunque tambi\u00e9n se incluyen parcelas de uso terciario en provincias como Guadalajara, Madrid, M\u00e1laga, Murcia o Valencia, que permitir\u00e1n la promoci\u00f3n de aproximadamente 250.000 m2 de oficinas o naves industriales.<\/p>\n<p>El director general de Negocio de la sociedad, Alfredo Guitart, ha explicado que Sareb ha detectado una <strong><a href=\"https:\/\/www.fotocasa.es\/fotocasa-life\/compraventa\/mercado-inmobiliario-nuevos-actores-y-nuevos-retos\/\">demanda de suelo finalista<\/a><\/strong> en distintos puntos de la geograf\u00eda espa\u00f1ola donde tiene activos, por lo que entiende que \u00abes el momento apropiado\u00bb para lanzar esta campa\u00f1a.<\/p>\n<p>\u00abNuestro enorme portfolio nos permite segmentar tanto geogr\u00e1ficamente como por producto para poder obtener el mejor rendimiento de los activos que tenemos bajo gesti\u00f3n\u00bb, ha a\u00f1adido. La comercializaci\u00f3n de los suelos ir\u00e1 a cargo de los gestores o servicers de la sociedad (Altamira, Haya, Servihabitat y Solvia).<\/p>\n<p>&nbsp;<\/p>\n<p><strong>Suelos repartidos por toda Espa\u00f1a<\/strong><\/p>\n<p>Casi el 30% de los suelos incluidos en esta campa\u00f1a se ubican en la Comunidad de Madrid, con una edificabilidad aproximada de 367.000 m2. Destacan las parcelas de Alcal\u00e1 de Henares, Arroyomolinos, Madrid capital, Torrelodones, Valdemoro, Legan\u00e9s y San Fernando de Henares.<\/p>\n<p>A ellos se unen los 20 suelos puestos a la venta en Andaluc\u00eda (aproximadamente unos 231.000 m2 edificables), en su mayor\u00eda en M\u00e1laga, pero tambi\u00e9n en Granada, C\u00f3rdoba y C\u00e1diz. Todos ellos son <strong><a href=\"https:\/\/www.fotocasa.es\/fotocasa-life\/compraventa\/la-construccion-ha-tocado-suelo-y-generara-crecimiento-en-2015-segun-economia\/\">suelo residencial<\/a><\/strong>, a excepci\u00f3n de dos parcelas ubicadas en Marbella y V\u00e9lez-M\u00e1laga, orientadas a un uso hotelero y comercial.<\/p>\n<p>En la Comunidad Valenciana se ubican 39 suelos, con una edificabilidad aproximada de 215.000 m2, en su mayor parte residencial. Dos tercios de esta oferta se concentran en las localidades Moncofa (Castell\u00f3n) y Gand\u00eda y Sagunto (Valencia). En esta \u00faltima localidad se ubica un suelo industrial para naves adosadas con una superficie de casi 16.000 m2.<\/p>\n<p>Por su parte, en Catalu\u00f1a, se sit\u00faan 17 suelos con una edificabilidad de 70.000 m2. De ellos, la mayor parte est\u00e1n en la ciudad de Barcelona, pero la oferta incluye tambi\u00e9n otros en Terrassa, Sabadell y Llinars del Vall\u00e9s (Barcelona) y Ametlla de Mar y Riudoms (Tarragona), por ejemplo.<\/p>\n<p>Por \u00faltimo, esta campa\u00f1a oferta parcelas situadas en Palma de Mallorca, con suelo de uso dotacional, industrial y comercial en el Estadi Balear y una edificabilidad de m\u00e1s de 10.000 m2, y en Zaragoza, donde nueve suelos tienen una edificabilidad conjunta de m\u00e1s de 62.000 m2 de techo, tanto dentro del casco urbano como en nuevos desarrollos.<\/p>\n<p>&nbsp;<\/p>\n","protected":false},"excerpt":{"rendered":"<p>La Sociedad de Gesti\u00f3n de Activos Procedentes de la Reestructuraci\u00f3n Bancaria (Sareb) ha lanzado una campa\u00f1a con m\u00e1s de 150 suelos con una edificabilidad aproximada de 1,5 millones de m2 para viviendas, oficinas, uso comercial, hotelero y naves industriales, destinados a inversores y empresas promotoras. Las parcelas, aunque repartidas por gran parte de Espa\u00f1a, tienen&#8230;<\/p>\n","protected":false},"author":3,"featured_media":4462,"comment_status":"open","ping_status":"open","sticky":false,"template":"","format":"standard","meta":{"_lmt_disableupdate":"yes","_lmt_disable":"","footnotes":""},"categories":[3],"tags":[1072,164,1606,243,1912,1512,776],"class_list":["post-8369","post","type-post","status-publish","format-standard","has-post-thumbnail","hentry","category-compraventa","tag-construccion-de-viviendas","tag-inversores","tag-promotores","tag-sareb","tag-suelo-edificable","tag-suelo-urbano","tag-transacciones-de-suelo"],"modified_by":"Albert PC","_links":{"self":[{"href":"https:\/\/www.fotocasa.es\/fotocasa-life\/wp-json\/wp\/v2\/posts\/8369","targetHints":{"allow":["GET"]}}],"collection":[{"href":"https:\/\/www.fotocasa.es\/fotocasa-life\/wp-json\/wp\/v2\/posts"}],"about":[{"href":"https:\/\/www.fotocasa.es\/fotocasa-life\/wp-json\/wp\/v2\/types\/post"}],"author":[{"embeddable":true,"href":"https:\/\/www.fotocasa.es\/fotocasa-life\/wp-json\/wp\/v2\/users\/3"}],"replies":[{"embeddable":true,"href":"https:\/\/www.fotocasa.es\/fotocasa-life\/wp-json\/wp\/v2\/comments?post=8369"}],"version-history":[{"count":0,"href":"https:\/\/www.fotocasa.es\/fotocasa-life\/wp-json\/wp\/v2\/posts\/8369\/revisions"}],"wp:featuredmedia":[{"embeddable":true,"href":"https:\/\/www.fotocasa.es\/fotocasa-life\/wp-json\/wp\/v2\/media\/4462"}],"wp:attachment":[{"href":"https:\/\/www.fotocasa.es\/fotocasa-life\/wp-json\/wp\/v2\/media?parent=8369"}],"wp:term":[{"taxonomy":"category","embeddable":true,"href":"https:\/\/www.fotocasa.es\/fotocasa-life\/wp-json\/wp\/v2\/categories?post=8369"},{"taxonomy":"post_tag","embeddable":true,"href":"https:\/\/www.fotocasa.es\/fotocasa-life\/wp-json\/wp\/v2\/tags?post=8369"}],"curies":[{"name":"wp","href":"https:\/\/api.w.org\/{rel}","templated":true}]}}