{"id":8294,"date":"2015-10-01T10:58:03","date_gmt":"2015-10-01T08:58:03","guid":{"rendered":"https:\/\/www.fotocasa.es\/fotocasa-life\/?p=8294"},"modified":"2020-11-27T11:29:19","modified_gmt":"2020-11-27T10:29:19","slug":"el-euribor-cierra-septiembre-en-el-0154-y-abaratara-las-hipotecas-en-135-euros-anuales","status":"publish","type":"post","link":"https:\/\/www.fotocasa.es\/fotocasa-life\/hipotecas-finanzas\/el-euribor-cierra-septiembre-en-el-0154-y-abaratara-las-hipotecas-en-135-euros-anuales\/","title":{"rendered":"El Eur\u00edbor cierra septiembre en el 0,154% y abaratar\u00e1 las hipotecas en 135 euros anuales"},"content":{"rendered":"<p>El Eur\u00edbor, \u00edndice al que est\u00e1n referenciadas la mayor\u00eda de las hipotecas en Espa\u00f1a, cerr\u00f3 septiembre en el 0,154%, <strong><a href=\"https:\/\/www.fotocasa.es\/fotocasa-life\/hipotecas-finanzas\/el-euribor-cerro-agosto-en-el-0161-y-abaratara-las-hipotecas-en-200-euros-anuales\/\">nuevo m\u00ednimo hist\u00f3rico<\/a><\/strong>, y abaratar\u00e1 las hipotecas 135,72 euros anuales. Esta cifra supone, adem\u00e1s, una bajada de 0,208 puntos respecto al mismo mes del a\u00f1o pasado.<\/p>\n<p>El \u00edndice comenz\u00f3 el mes en una tasa diaria del 0,161% y ha ido cayendo hasta el 0,142%, \u00faltimo valor marcado ayer mi\u00e9rcoles, \u00faltimo d\u00eda del mes. As\u00ed, una hipoteca de 120.000 euros a Eur\u00edbor+1% y 20 a\u00f1os obtendr\u00e1 una rebaja de 11,31 euros mensuales o 135,72 euros al a\u00f1o.<\/p>\n<p>&nbsp;<\/p>\n<p><strong>Una ca\u00edda que se agota<\/strong><\/p>\n<p>El analista de XTB Jaime D\u00edez ha explicado a Europa Press que la curva de tipos comienza a mostrar s\u00edntomas de aplanamiento, ya que en el \u00faltimo mes las referencias de m\u00e1s largo plazo apenas han extendido sus ca\u00eddas, qued\u00e1ndose estables las de los plazos m\u00e1s cortos.<\/p>\n<p>\u00ab\u00c9stas \u00faltimas, en terreno negativo, ven la ca\u00edda cada vez m\u00e1s complicada, puesto que se aproximan a los tipos negativos del 0,2% del BCE que actuar\u00e1n como suelo para la encuesta de Eur\u00edbor\u00bb, ha destacado.<\/p>\n<p>D\u00edez ha recordado que tras la \u00ableve y sorpresiva\u00bb subida de julio, el \u00edndice reanud\u00f3 la senda bajista en agosto y ha conseguido mantenerla en septiembre. De hecho, las tensiones financieras de los \u00faltimos d\u00edas no han supuesto un problema para que <strong><a href=\"https:\/\/www.fotocasa.es\/fotocasa-life\/hipotecas-finanzas\/euribor-bajo-riesgo-problema-o-ventaja\/\">sigan bajando las tasas<\/a><\/strong>.<\/p>\n<p>Teniendo en cuenta esta tendencia, el experto avanza que el rumbo del \u00edndice \u00abno deber\u00eda variar hasta final de a\u00f1o\u00bb. Adem\u00e1s, alerta de que los problemas de los pa\u00edses emergentes podr\u00edan provocar que el BCE acelerase la compra de deuda p\u00fablica o modificase las condiciones, dando m\u00e1s facilidades de cr\u00e9dito, por lo que las referencias de largo plazo pueden extender las ca\u00eddas y quedarse relativamente cerca de los tipos de inter\u00e9s 0%.<\/p>\n<p>&nbsp;<\/p>\n<p><strong>Tipos bajos no por siempre<\/strong><\/p>\n<p>D\u00edez ha subrayado, tambi\u00e9n, que el s\u00f3lido <strong><a href=\"https:\/\/www.fotocasa.es\/fotocasa-life\/hipotecas-finanzas\/los-prestamos-a-familias-y-empresas-en-la-eurozona-crecen-en-marzo-por-primera-vez-en-tres-anos\/\">crecimiento de la eurozona<\/a><\/strong>, pese a la desaceleraci\u00f3n en este segundo semestre que apuntan ciertas fuentes, \u00abpodr\u00eda ayudar a levantar las exiguas expectativas de inflaci\u00f3n y las consecuentes subidas en los tipos de inter\u00e9s\u00bb.<\/p>\n<p>En esta tesitura de ca\u00edda de tipos y aplanamiento a corto plazo, D\u00edez ha recordado que las familias y empresas cuyos pr\u00e9stamos est\u00e1n referenciados al Eur\u00edbor a largo plazo ver\u00e1n una peque\u00f1a ca\u00edda en sus cuotas hipotecarias.<\/p>\n<p>As\u00ed, para una hipoteca restante de 100.000 euros en 20 a\u00f1os y un diferencial del 2%, la revisi\u00f3n anual rebajar\u00e1 la cuota en 10 euros. \u00abA pesar de que las ca\u00eddas se extienden, su impacto es cada vez menor en las distintas cuotas\u00bb, ha apuntado.<\/p>\n<p>Finalmente, seg\u00fan el analista, de cara al mes que viene, los distintos agentes econ\u00f3micos estar\u00e1n pendientes de la pr\u00f3xima reuni\u00f3n del BCE el 22 de octubre donde el organismo europeo contar\u00e1 con la informaci\u00f3n de los \u00faltimos datos de China y pa\u00edses emergentes y, sobre todo, de una posible subida de tipos la semana previa por parte de la FED que emitir\u00e1 un nuevo comunicado sobre el mantenimiento o subida de tipos.<\/p>\n<p>&nbsp;<\/p>\n","protected":false},"excerpt":{"rendered":"<p>El Eur\u00edbor, \u00edndice al que est\u00e1n referenciadas la mayor\u00eda de las hipotecas en Espa\u00f1a, cerr\u00f3 septiembre en el 0,154%, nuevo m\u00ednimo hist\u00f3rico, y abaratar\u00e1 las hipotecas 135,72 euros anuales. Esta cifra supone, adem\u00e1s, una bajada de 0,208 puntos respecto al mismo mes del a\u00f1o pasado. El \u00edndice comenz\u00f3 el mes en una tasa diaria del&#8230;<\/p>\n","protected":false},"author":3,"featured_media":560,"comment_status":"open","ping_status":"open","sticky":false,"template":"","format":"standard","meta":{"_lmt_disableupdate":"yes","_lmt_disable":"","footnotes":""},"categories":[6],"tags":[136,1862,1559,216],"class_list":["post-8294","post","type-post","status-publish","format-standard","has-post-thumbnail","hentry","category-hipotecas-finanzas","tag-euribor","tag-hipotecas","tag-jaime-diez","tag-prestamos-hipotecarios"],"modified_by":"Albert PC","_links":{"self":[{"href":"https:\/\/www.fotocasa.es\/fotocasa-life\/wp-json\/wp\/v2\/posts\/8294","targetHints":{"allow":["GET"]}}],"collection":[{"href":"https:\/\/www.fotocasa.es\/fotocasa-life\/wp-json\/wp\/v2\/posts"}],"about":[{"href":"https:\/\/www.fotocasa.es\/fotocasa-life\/wp-json\/wp\/v2\/types\/post"}],"author":[{"embeddable":true,"href":"https:\/\/www.fotocasa.es\/fotocasa-life\/wp-json\/wp\/v2\/users\/3"}],"replies":[{"embeddable":true,"href":"https:\/\/www.fotocasa.es\/fotocasa-life\/wp-json\/wp\/v2\/comments?post=8294"}],"version-history":[{"count":0,"href":"https:\/\/www.fotocasa.es\/fotocasa-life\/wp-json\/wp\/v2\/posts\/8294\/revisions"}],"wp:featuredmedia":[{"embeddable":true,"href":"https:\/\/www.fotocasa.es\/fotocasa-life\/wp-json\/wp\/v2\/media\/560"}],"wp:attachment":[{"href":"https:\/\/www.fotocasa.es\/fotocasa-life\/wp-json\/wp\/v2\/media?parent=8294"}],"wp:term":[{"taxonomy":"category","embeddable":true,"href":"https:\/\/www.fotocasa.es\/fotocasa-life\/wp-json\/wp\/v2\/categories?post=8294"},{"taxonomy":"post_tag","embeddable":true,"href":"https:\/\/www.fotocasa.es\/fotocasa-life\/wp-json\/wp\/v2\/tags?post=8294"}],"curies":[{"name":"wp","href":"https:\/\/api.w.org\/{rel}","templated":true}]}}