{"id":82871,"date":"2023-06-08T09:00:48","date_gmt":"2023-06-08T07:00:48","guid":{"rendered":"https:\/\/www.fotocasa.es\/fotocasa-life\/?p=82871"},"modified":"2023-06-08T08:30:00","modified_gmt":"2023-06-08T06:30:00","slug":"el-edificio-modernista-casa-calado-situado-en-sant-cugat-del-valles-a-la-venta-en-fotocasa","status":"publish","type":"post","link":"https:\/\/www.fotocasa.es\/fotocasa-life\/curiosidades\/el-edificio-modernista-casa-calado-situado-en-sant-cugat-del-valles-a-la-venta-en-fotocasa\/","title":{"rendered":"El edificio modernista Casa Calado, situado en Sant Cugat del Vall\u00e8s, a la venta en Fotocasa"},"content":{"rendered":"<p>No es demasiado habitual encontrar a la venta propiedades como la que hoy nos ocupa: <b>un <\/b><a href=\"https:\/\/www.fotocasa.es\/es\/comprar\/vivienda\/sant-cugat-del-valles\/jardin\/155867326\/d?from=list\"><b>edificio modernista, construido en el a\u00f1o 1905<\/b><\/a><b> por el prestigioso arquitecto municipal de Cerdanyola, Eduard Maria Balcells i Bu\u00efgas<\/b>. Se trata, de hecho, de una joya arquitect\u00f3nica de nuestro pa\u00eds que, como decimos, est\u00e1 a la venta en Fotocasa por 1.950.000 euros.<\/p>\n<p>Esta vivienda <b>busca un due\u00f1o que se comprometa a restaurarla, aunque sin renunciar a su esencia<\/b>; que la reconvierta en lo que un d\u00eda fue: una casa elegante y se\u00f1orial digna de disfrutar, ya sea a nivel particular, o bien convirti\u00e9ndola en un hotel de lujo o un lugar m\u00e1gico en el que celebrar eventos de alto standing.<\/p>\n","protected":false},"excerpt":{"rendered":"<p>Descubre cada mes en nuestro portal nuevas casas con particularidades que te enamorar\u00e1n<\/p>\n","protected":false},"author":3,"featured_media":82885,"comment_status":"open","ping_status":"closed","sticky":false,"template":"","format":"standard","meta":{"_lmt_disableupdate":"yes","_lmt_disable":"","footnotes":""},"categories":[2452],"tags":[8474,5173,2448,5645,8476,3153,6434,2746,8475,8478,8477],"class_list":["post-82871","post","type-post","status-publish","format-standard","has-post-thumbnail","hentry","category-curiosidades","tag-casa-calado","tag-casa-curiosa","tag-casa-de-lujo","tag-casa-exclusiva","tag-casa-modernista","tag-comprar-casa","tag-comprar-casa-de-lujo","tag-comprar-vivienda","tag-edifico-modernista","tag-estilo-modernista","tag-sant-cugat-del-valles"],"modified_by":"Sara","_links":{"self":[{"href":"https:\/\/www.fotocasa.es\/fotocasa-life\/wp-json\/wp\/v2\/posts\/82871","targetHints":{"allow":["GET"]}}],"collection":[{"href":"https:\/\/www.fotocasa.es\/fotocasa-life\/wp-json\/wp\/v2\/posts"}],"about":[{"href":"https:\/\/www.fotocasa.es\/fotocasa-life\/wp-json\/wp\/v2\/types\/post"}],"author":[{"embeddable":true,"href":"https:\/\/www.fotocasa.es\/fotocasa-life\/wp-json\/wp\/v2\/users\/3"}],"replies":[{"embeddable":true,"href":"https:\/\/www.fotocasa.es\/fotocasa-life\/wp-json\/wp\/v2\/comments?post=82871"}],"version-history":[{"count":0,"href":"https:\/\/www.fotocasa.es\/fotocasa-life\/wp-json\/wp\/v2\/posts\/82871\/revisions"}],"wp:featuredmedia":[{"embeddable":true,"href":"https:\/\/www.fotocasa.es\/fotocasa-life\/wp-json\/wp\/v2\/media\/82885"}],"wp:attachment":[{"href":"https:\/\/www.fotocasa.es\/fotocasa-life\/wp-json\/wp\/v2\/media?parent=82871"}],"wp:term":[{"taxonomy":"category","embeddable":true,"href":"https:\/\/www.fotocasa.es\/fotocasa-life\/wp-json\/wp\/v2\/categories?post=82871"},{"taxonomy":"post_tag","embeddable":true,"href":"https:\/\/www.fotocasa.es\/fotocasa-life\/wp-json\/wp\/v2\/tags?post=82871"}],"curies":[{"name":"wp","href":"https:\/\/api.w.org\/{rel}","templated":true}]}}