{"id":823,"date":"2014-01-15T09:00:04","date_gmt":"2014-01-15T08:00:04","guid":{"rendered":"http:\/\/www.fotocasa.es\/fotocasa-life\/?p=823"},"modified":"2020-11-27T11:35:01","modified_gmt":"2020-11-27T10:35:01","slug":"la-vivienda-en-espana-sigue-sobrevalorada","status":"publish","type":"post","link":"https:\/\/www.fotocasa.es\/fotocasa-life\/compraventa\/la-vivienda-en-espana-sigue-sobrevalorada\/","title":{"rendered":"La vivienda en Espa\u00f1a sigue sobrevalorada"},"content":{"rendered":"<p><span style=\"line-height: 1.5em;\">El precio de la vivienda ya est\u00e1 aumentando en 18 de los 23 pa\u00edses que analiza el \u00edndice elaborado por\u00a0The Economist a nivel mundial, mientras que hace un a\u00f1o los incrementos se produc\u00edan en tan solo 12. Espa\u00f1a, sin embargo, no est\u00e1 entre los afortunados y, seg\u00fan los datos del diario econ\u00f3mico, el precio cay\u00f3 un 5,3% en el \u00faltimo a\u00f1o, acumulando una rebaja del 30% desde el primer trimestre de 2008.<\/span><\/p>\n<p>&nbsp;<\/p>\n<p><div id=\"attachment_824\" style=\"width: 310px\" class=\"wp-caption aligncenter\"><a href=\"http:\/\/172.16.3.82\/pre_blog\/wp-content\/uploads\/2014\/04\/FOTO.jpg\"><img loading=\"lazy\" decoding=\"async\" aria-describedby=\"caption-attachment-824\" class=\"wp-image-824 size-full\" src=\"https:\/\/www.fotocasa.es\/fotocasa-life\/wp-content\/uploads\/2014\/04\/FOTO.jpg\" alt=\"La vivienda en Espa\u00f1a sigue sobrevalorada\" width=\"300\" height=\"612\" title=\"-\" srcset=\"https:\/\/www.fotocasa.es\/fotocasa-life\/wp-content\/uploads\/2014\/04\/FOTO.jpg 300w, https:\/\/www.fotocasa.es\/fotocasa-life\/wp-content\/uploads\/2014\/04\/FOTO-147x300.jpg 147w, https:\/\/www.fotocasa.es\/fotocasa-life\/wp-content\/uploads\/2014\/04\/FOTO-74x150.jpg 74w\" sizes=\"auto, (max-width: 300px) 100vw, 300px\" \/><\/a><p id=\"caption-attachment-824\" class=\"wp-caption-text\">Gr\u00e1fico: The Economist<\/p><\/div><\/p>\n<p>&nbsp;<\/p>\n<p>Adem\u00e1s, de acuerdo a los c\u00e1lculos de The Economist que comparan el precio a largo plazo de los costes de un inmueble con los salarios, la vivienda en Espa\u00f1a seguir\u00eda sobrevalorada en torno a un 10%.<\/p>\n<p>El semanario destaca la brecha norte sur que se produce en Europa seg\u00fan la cual en Grecia, Espa\u00f1a e Italia los precios todav\u00eda se est\u00e1n ajustando. En Irlanda, sin embargo, parece que ya han tocado fondo tras reducir sus precios a la mitad en los \u00faltimos seis a\u00f1os. Aqu\u00ed, la vivienda est\u00e1 ahora un 9% por encima del precio m\u00ednimo que alcanz\u00f3 en marzo. Por el contrario, Alemania y el Reino Unido destacaron por marcar las subidas m\u00e1s pronunciadas de Europa en el \u00faltimo a\u00f1o.<\/p>\n<p>&nbsp;<\/p>\n","protected":false},"excerpt":{"rendered":"<p>El precio de la vivienda ya est\u00e1 aumentando en 18 de los 23 pa\u00edses que analiza el \u00edndice elaborado por\u00a0The Economist a nivel mundial, mientras que hace un a\u00f1o los incrementos se produc\u00edan en tan solo 12. Espa\u00f1a, sin embargo, no est\u00e1 entre los afortunados y, seg\u00fan los datos del diario econ\u00f3mico, el precio cay\u00f3&#8230;<\/p>\n","protected":false},"author":3,"featured_media":870,"comment_status":"open","ping_status":"open","sticky":false,"template":"","format":"standard","meta":{"_lmt_disableupdate":"yes","_lmt_disable":"","footnotes":""},"categories":[3],"tags":[118,135,207,213,245,278],"class_list":["post-823","post","type-post","status-publish","format-standard","has-post-thumbnail","hentry","category-compraventa","tag-economia","tag-estudios","tag-precio-de-la-vivienda","tag-precio-medio-vivienda","tag-sector-inmobiliario","tag-vivienda-en-espana"],"modified_by":"Fotocasa","_links":{"self":[{"href":"https:\/\/www.fotocasa.es\/fotocasa-life\/wp-json\/wp\/v2\/posts\/823","targetHints":{"allow":["GET"]}}],"collection":[{"href":"https:\/\/www.fotocasa.es\/fotocasa-life\/wp-json\/wp\/v2\/posts"}],"about":[{"href":"https:\/\/www.fotocasa.es\/fotocasa-life\/wp-json\/wp\/v2\/types\/post"}],"author":[{"embeddable":true,"href":"https:\/\/www.fotocasa.es\/fotocasa-life\/wp-json\/wp\/v2\/users\/3"}],"replies":[{"embeddable":true,"href":"https:\/\/www.fotocasa.es\/fotocasa-life\/wp-json\/wp\/v2\/comments?post=823"}],"version-history":[{"count":0,"href":"https:\/\/www.fotocasa.es\/fotocasa-life\/wp-json\/wp\/v2\/posts\/823\/revisions"}],"wp:featuredmedia":[{"embeddable":true,"href":"https:\/\/www.fotocasa.es\/fotocasa-life\/wp-json\/wp\/v2\/media\/870"}],"wp:attachment":[{"href":"https:\/\/www.fotocasa.es\/fotocasa-life\/wp-json\/wp\/v2\/media?parent=823"}],"wp:term":[{"taxonomy":"category","embeddable":true,"href":"https:\/\/www.fotocasa.es\/fotocasa-life\/wp-json\/wp\/v2\/categories?post=823"},{"taxonomy":"post_tag","embeddable":true,"href":"https:\/\/www.fotocasa.es\/fotocasa-life\/wp-json\/wp\/v2\/tags?post=823"}],"curies":[{"name":"wp","href":"https:\/\/api.w.org\/{rel}","templated":true}]}}