{"id":8212,"date":"2015-09-22T17:07:08","date_gmt":"2015-09-22T15:07:08","guid":{"rendered":"https:\/\/www.fotocasa.es\/fotocasa-life\/?p=8212"},"modified":"2020-11-27T11:29:23","modified_gmt":"2020-11-27T10:29:23","slug":"los-precios-de-venta-de-las-viviendas-de-solvia-crecieron-un-393-entre-enero-y-mayo","status":"publish","type":"post","link":"https:\/\/www.fotocasa.es\/fotocasa-life\/compraventa\/los-precios-de-venta-de-las-viviendas-de-solvia-crecieron-un-393-entre-enero-y-mayo\/","title":{"rendered":"Los precios de venta de las viviendas de Solvia crecieron un 3,93% entre enero y mayo"},"content":{"rendered":"<p>Los precios de las viviendas de venta de Solvia en Espa\u00f1a crecieron un 3,93% entre enero y mayo de este a\u00f1o, en relaci\u00f3n con el mismo periodo de 2014, mientras que el valor total de estas transacciones aument\u00f3 un 15,96%, seg\u00fan datos del informe &#8216;<strong><a href=\"http:\/\/corporate.solvia.es\/solvia-market-view\/?_ga=1.29116156.1304094388.1442934184\" target=\"_blank\" rel=\"noopener noreferrer\">Solvia Market View<\/a><\/strong>&#8216;.<\/p>\n<p>Por provincias, Alicante se consolid\u00f3 como el primer mercado residencial de la compa\u00f1\u00eda, con el 21% de las ventas, seguido de Valencia, con el 16%, y de Murcia, con el 10%.<\/p>\n<p>&nbsp;<\/p>\n<p><div id=\"attachment_8213\" style=\"width: 686px\" class=\"wp-caption aligncenter\"><img loading=\"lazy\" decoding=\"async\" aria-describedby=\"caption-attachment-8213\" class=\"wp-image-8213\" src=\"https:\/\/www.fotocasa.es\/fotocasa-life\/wp-content\/uploads\/2015\/09\/resumen-solvia-market-view.jpg\" alt=\"resumen solvia market view\" width=\"676\" height=\"723\" title=\"-\" srcset=\"https:\/\/www.fotocasa.es\/fotocasa-life\/wp-content\/uploads\/2015\/09\/resumen-solvia-market-view.jpg 1122w, https:\/\/www.fotocasa.es\/fotocasa-life\/wp-content\/uploads\/2015\/09\/resumen-solvia-market-view-280x300.jpg 280w, https:\/\/www.fotocasa.es\/fotocasa-life\/wp-content\/uploads\/2015\/09\/resumen-solvia-market-view-957x1024.jpg 957w, https:\/\/www.fotocasa.es\/fotocasa-life\/wp-content\/uploads\/2015\/09\/resumen-solvia-market-view-140x150.jpg 140w, https:\/\/www.fotocasa.es\/fotocasa-life\/wp-content\/uploads\/2015\/09\/resumen-solvia-market-view-768x822.jpg 768w, https:\/\/www.fotocasa.es\/fotocasa-life\/wp-content\/uploads\/2015\/09\/resumen-solvia-market-view-1436x1536.jpg 1436w, https:\/\/www.fotocasa.es\/fotocasa-life\/wp-content\/uploads\/2015\/09\/resumen-solvia-market-view-1914x2048.jpg 1914w\" sizes=\"auto, (max-width: 676px) 100vw, 676px\" \/><p id=\"caption-attachment-8213\" class=\"wp-caption-text\">Fuente: Solvia Market View<\/p><\/div><\/p>\n<p>&nbsp;<\/p>\n<p>De acuerdo con el informe, <strong><a href=\"https:\/\/www.fotocasa.es\/fotocasa-life\/compraventa\/inquilinos-vs-propietarios-cual-es-su-perfil-infografia\">el perfil<\/a><\/strong> general de las personas que adquieren vivienda de Solvia es un comprador senior, profesional con una alta estabilidad econ\u00f3mica y una media de edad de 44,2 a\u00f1os.<\/p>\n<p><div id=\"attachment_8215\" style=\"width: 686px\" class=\"wp-caption aligncenter\"><img loading=\"lazy\" decoding=\"async\" aria-describedby=\"caption-attachment-8215\" class=\"wp-image-8215\" src=\"https:\/\/www.fotocasa.es\/fotocasa-life\/wp-content\/uploads\/2015\/09\/perfil-comprador-solvia.jpg\" alt=\"perfil comprador solvia\" width=\"676\" height=\"348\" title=\"-\" srcset=\"https:\/\/www.fotocasa.es\/fotocasa-life\/wp-content\/uploads\/2015\/09\/perfil-comprador-solvia.jpg 722w, https:\/\/www.fotocasa.es\/fotocasa-life\/wp-content\/uploads\/2015\/09\/perfil-comprador-solvia-300x155.jpg 300w, https:\/\/www.fotocasa.es\/fotocasa-life\/wp-content\/uploads\/2015\/09\/perfil-comprador-solvia-150x77.jpg 150w\" sizes=\"auto, (max-width: 676px) 100vw, 676px\" \/><p id=\"caption-attachment-8215\" class=\"wp-caption-text\">Fuente: Solvia Market View<\/p><\/div><\/p>\n<p>&nbsp;<\/p>\n<p>La compa\u00f1\u00eda, adem\u00e1s, asegura que un 50% de las transacciones realizadas se han <strong><a href=\"https:\/\/www.fotocasa.es\/fotocasa-life\/compraventa\/3-de-cada-10-espanoles-pagan-al-contado-al-comprar-una-vivienda\">pagado al contado<\/a><\/strong>, fundamentalmente las de menor valor.<\/p>\n<p>\u00abAspiramos a convertirnos en una de las grandes inmobiliarias del pa\u00eds, pero tambi\u00e9n queremos mejorar el conocimiento sobre el sector\u00bb, ha afirmado el director general de Solvia, Javier Garc\u00eda del R\u00edo, en relaci\u00f3n con el informe, que en su opini\u00f3n es \u00abun ejemplo m\u00e1s de la inquietud de la compa\u00f1\u00eda por aportar valor al sector inmobiliario\u00bb.<\/p>\n<p>El &#8216;Solvia Market View&#8217;, presentado este martes en la Fundaci\u00f3n Francisco Giner de los R\u00edos (Madrid), es el primero en el que la compa\u00f1\u00eda analiza el proceso de reestructuraci\u00f3n y cambio en el que est\u00e1 inmerso el sector inmobiliario.<\/p>\n<p>&nbsp;<\/p>\n","protected":false},"excerpt":{"rendered":"<p>Los precios de las viviendas de venta de Solvia en Espa\u00f1a crecieron un 3,93% entre enero y mayo de este a\u00f1o, en relaci\u00f3n con el mismo periodo de 2014, mientras que el valor total de estas transacciones aument\u00f3 un 15,96%, seg\u00fan datos del informe &#8216;Solvia Market View&#8216;. Por provincias, Alicante se consolid\u00f3 como el primer&#8230;<\/p>\n","protected":false},"author":3,"featured_media":5066,"comment_status":"open","ping_status":"open","sticky":false,"template":"","format":"standard","meta":{"_lmt_disableupdate":"yes","_lmt_disable":"","footnotes":""},"categories":[3],"tags":[72,135,634,1648],"class_list":["post-8212","post","type-post","status-publish","format-standard","has-post-thumbnail","hentry","category-compraventa","tag-compraventa-de-vivienda","tag-estudios","tag-pisos-de-bancos","tag-solvia"],"modified_by":"Fotocasa","_links":{"self":[{"href":"https:\/\/www.fotocasa.es\/fotocasa-life\/wp-json\/wp\/v2\/posts\/8212","targetHints":{"allow":["GET"]}}],"collection":[{"href":"https:\/\/www.fotocasa.es\/fotocasa-life\/wp-json\/wp\/v2\/posts"}],"about":[{"href":"https:\/\/www.fotocasa.es\/fotocasa-life\/wp-json\/wp\/v2\/types\/post"}],"author":[{"embeddable":true,"href":"https:\/\/www.fotocasa.es\/fotocasa-life\/wp-json\/wp\/v2\/users\/3"}],"replies":[{"embeddable":true,"href":"https:\/\/www.fotocasa.es\/fotocasa-life\/wp-json\/wp\/v2\/comments?post=8212"}],"version-history":[{"count":0,"href":"https:\/\/www.fotocasa.es\/fotocasa-life\/wp-json\/wp\/v2\/posts\/8212\/revisions"}],"wp:featuredmedia":[{"embeddable":true,"href":"https:\/\/www.fotocasa.es\/fotocasa-life\/wp-json\/wp\/v2\/media\/5066"}],"wp:attachment":[{"href":"https:\/\/www.fotocasa.es\/fotocasa-life\/wp-json\/wp\/v2\/media?parent=8212"}],"wp:term":[{"taxonomy":"category","embeddable":true,"href":"https:\/\/www.fotocasa.es\/fotocasa-life\/wp-json\/wp\/v2\/categories?post=8212"},{"taxonomy":"post_tag","embeddable":true,"href":"https:\/\/www.fotocasa.es\/fotocasa-life\/wp-json\/wp\/v2\/tags?post=8212"}],"curies":[{"name":"wp","href":"https:\/\/api.w.org\/{rel}","templated":true}]}}