{"id":81651,"date":"2023-04-13T08:30:19","date_gmt":"2023-04-13T06:30:19","guid":{"rendered":"https:\/\/www.fotocasa.es\/fotocasa-life\/?p=81651"},"modified":"2023-06-23T13:39:10","modified_gmt":"2023-06-23T11:39:10","slug":"como-saber-cuanto-sube-el-precio-de-venta-por-hacer-reformas","status":"publish","type":"post","link":"https:\/\/www.fotocasa.es\/fotocasa-life\/vender-piso\/como-saber-cuanto-sube-el-precio-de-venta-por-hacer-reformas\/","title":{"rendered":"\u00bfC\u00f3mo saber cu\u00e1nto sube el precio de venta por hacer reformas?"},"content":{"rendered":"<p>Uno de los principales motivos por los que los espa\u00f1oles preferimos comprar viviendas de obra nueva es porque este tipo de construcci\u00f3n no necesita reformas. Y es que <b>cuando adquirimos un inmueble preferimos que est\u00e9 listo para entrar a vivir<\/b>; por ello, si estamos pensando en <a href=\"https:\/\/www.fotocasa.es\/fotocasa-life\/quiero-vender-mi-casa\/\"><b>vender nuestra casa<\/b><\/a> es recomendable que est\u00e9 reformada.<\/p>\n<p>En primer lugar, porque, como decimos,<b> m\u00e1s personas se interesar\u00e1n en ella y, segundo, porque el <\/b><a href=\"https:\/\/www.fotocasa.es\/fotocasa-life\/compraventa\/conoce-el-precio-de-la-vivienda-en-venta-este-mes\/\"><b>precio de venta<\/b><\/a><b> incrementar\u00e1 considerablemente<\/b> y, en consecuencia, sacaremos m\u00e1s dinero por la transacci\u00f3n. Pero \u00bfcu\u00e1nto m\u00e1s?<b> Existe alguna manera de saber cu\u00e1nto sube el precio de venta por hacer reformas? <\/b>La respuesta es s\u00ed. Te lo contamos en este art\u00edculo de Fotocasa.<\/p>\n","protected":false},"excerpt":{"rendered":"<p>Gracias a la funcionalidad tasaci\u00f3n online de Fotocasa podemos saber cu\u00e1nto sube el precio de venta de cualquier inmueble si lo reformamos<\/p>\n","protected":false},"author":3,"featured_media":81652,"comment_status":"open","ping_status":"closed","sticky":false,"template":"","format":"standard","meta":{"_lmt_disableupdate":"yes","_lmt_disable":"","footnotes":""},"categories":[4277],"tags":[5555,6247,6450,8612,5338,2420,5197,8613,5670,1418,5557],"class_list":["post-81651","post","type-post","status-publish","format-standard","has-post-thumbnail","hentry","category-vender-piso","tag-calcular-precio-vivienda","tag-como-calcular-precio-vivienda","tag-coste-reformas","tag-en-caso-de-que-redistribuyas-o-difundas-nuestro-contenido-protegido","tag-precio-venta-piso","tag-precio-vivienda","tag-publicadores","tag-recuerda-que-debes-citarnos","tag-reformar-vivienda","tag-reformas-revalorizan-la-vivienda","tag-tasacion-online-fotocasa"],"modified_by":"Agustina Battioli","_links":{"self":[{"href":"https:\/\/www.fotocasa.es\/fotocasa-life\/wp-json\/wp\/v2\/posts\/81651","targetHints":{"allow":["GET"]}}],"collection":[{"href":"https:\/\/www.fotocasa.es\/fotocasa-life\/wp-json\/wp\/v2\/posts"}],"about":[{"href":"https:\/\/www.fotocasa.es\/fotocasa-life\/wp-json\/wp\/v2\/types\/post"}],"author":[{"embeddable":true,"href":"https:\/\/www.fotocasa.es\/fotocasa-life\/wp-json\/wp\/v2\/users\/3"}],"replies":[{"embeddable":true,"href":"https:\/\/www.fotocasa.es\/fotocasa-life\/wp-json\/wp\/v2\/comments?post=81651"}],"version-history":[{"count":0,"href":"https:\/\/www.fotocasa.es\/fotocasa-life\/wp-json\/wp\/v2\/posts\/81651\/revisions"}],"wp:featuredmedia":[{"embeddable":true,"href":"https:\/\/www.fotocasa.es\/fotocasa-life\/wp-json\/wp\/v2\/media\/81652"}],"wp:attachment":[{"href":"https:\/\/www.fotocasa.es\/fotocasa-life\/wp-json\/wp\/v2\/media?parent=81651"}],"wp:term":[{"taxonomy":"category","embeddable":true,"href":"https:\/\/www.fotocasa.es\/fotocasa-life\/wp-json\/wp\/v2\/categories?post=81651"},{"taxonomy":"post_tag","embeddable":true,"href":"https:\/\/www.fotocasa.es\/fotocasa-life\/wp-json\/wp\/v2\/tags?post=81651"}],"curies":[{"name":"wp","href":"https:\/\/api.w.org\/{rel}","templated":true}]}}