{"id":81571,"date":"2023-04-07T09:30:53","date_gmt":"2023-04-07T07:30:53","guid":{"rendered":"https:\/\/www.fotocasa.es\/fotocasa-life\/?p=81571"},"modified":"2023-11-02T15:31:19","modified_gmt":"2023-11-02T14:31:19","slug":"casas-pasivas-modelos-y-precios","status":"publish","type":"post","link":"https:\/\/www.fotocasa.es\/fotocasa-life\/curiosidades\/casas-pasivas-modelos-y-precios\/","title":{"rendered":"Casas pasivas: modelos y precios"},"content":{"rendered":"<p>En varias ocasiones hemos\u00a0 analizado el auge que ha vivido el sector de las <a href=\"https:\/\/www.fotocasa.es\/fotocasa-life\/compraventa\/casas-prefabricadas-modelos-precios\/\"><b>casas prefabricadas<\/b><\/a><b> que, para muchos, se han convertido en la mejor alternativa a las viviendas tradicionales<\/b> -especialmente desde el estallido de la pandemia-, por las m\u00faltiples ventajas que ofrecen.<\/p>\n<p>Hoy desde Fotocasa queremos hablar de <b>otro tipo de vivienda que, sea prefabricada o no, tambi\u00e9n est\u00e1 cada vez m\u00e1s de moda: las <\/b><a href=\"https:\/\/www.fotocasa.es\/fotocasa-life\/sostenibilidad\/cuales-son-los-requisitos-para-que-una-vivienda-se-considere-casa-pasiva\/\"><b>casas pasivas<\/b><\/a>. En este art\u00edculo analizaremos cu\u00e1nto consumen, cu\u00e1les son sus principales caracter\u00edsticas, qu\u00e9 debemos tener en cuenta a la hora de adquirir una, <b>cu\u00e1nto cuestan aproximadamente y veremos im\u00e1genes de algunos de los modelos m\u00e1s comunes<\/b>.<\/p>\n","protected":false},"excerpt":{"rendered":"<p>\u00bfCu\u00e1nto cuestan, de media, las casas pasivas y qu\u00e9 requisitos deben tener para considerarse as\u00ed?<\/p>\n","protected":false},"author":3,"featured_media":81572,"comment_status":"open","ping_status":"closed","sticky":false,"template":"","format":"standard","meta":{"_lmt_disableupdate":"yes","_lmt_disable":"","footnotes":""},"categories":[2452],"tags":[7778,7957,7959,6840,4368,7955,7960,6841,7956,7958],"class_list":["post-81571","post","type-post","status-publish","format-standard","has-post-thumbnail","hentry","category-curiosidades","tag-aislamiento-termico","tag-beneficios-casa-pasiva","tag-beneficios-passivhaus","tag-casa-pasiva","tag-casas-pasivas","tag-casas-pasivas-precios","tag-casas-pasivas-prefabricadas-precios","tag-passivhaus","tag-precio-casa-pasiva","tag-vivir-en-una-casa-pasiva"],"modified_by":"Agustina Battioli","_links":{"self":[{"href":"https:\/\/www.fotocasa.es\/fotocasa-life\/wp-json\/wp\/v2\/posts\/81571","targetHints":{"allow":["GET"]}}],"collection":[{"href":"https:\/\/www.fotocasa.es\/fotocasa-life\/wp-json\/wp\/v2\/posts"}],"about":[{"href":"https:\/\/www.fotocasa.es\/fotocasa-life\/wp-json\/wp\/v2\/types\/post"}],"author":[{"embeddable":true,"href":"https:\/\/www.fotocasa.es\/fotocasa-life\/wp-json\/wp\/v2\/users\/3"}],"replies":[{"embeddable":true,"href":"https:\/\/www.fotocasa.es\/fotocasa-life\/wp-json\/wp\/v2\/comments?post=81571"}],"version-history":[{"count":0,"href":"https:\/\/www.fotocasa.es\/fotocasa-life\/wp-json\/wp\/v2\/posts\/81571\/revisions"}],"wp:featuredmedia":[{"embeddable":true,"href":"https:\/\/www.fotocasa.es\/fotocasa-life\/wp-json\/wp\/v2\/media\/81572"}],"wp:attachment":[{"href":"https:\/\/www.fotocasa.es\/fotocasa-life\/wp-json\/wp\/v2\/media?parent=81571"}],"wp:term":[{"taxonomy":"category","embeddable":true,"href":"https:\/\/www.fotocasa.es\/fotocasa-life\/wp-json\/wp\/v2\/categories?post=81571"},{"taxonomy":"post_tag","embeddable":true,"href":"https:\/\/www.fotocasa.es\/fotocasa-life\/wp-json\/wp\/v2\/tags?post=81571"}],"curies":[{"name":"wp","href":"https:\/\/api.w.org\/{rel}","templated":true}]}}