{"id":81483,"date":"2023-04-03T09:55:26","date_gmt":"2023-04-03T07:55:26","guid":{"rendered":"https:\/\/www.fotocasa.es\/fotocasa-life\/?p=81483"},"modified":"2023-04-03T09:10:19","modified_gmt":"2023-04-03T07:10:19","slug":"sube-el-precio-de-la-vivienda-un-25-en-el-primer-trimestre-de-2023-en-espana","status":"publish","type":"post","link":"https:\/\/www.fotocasa.es\/fotocasa-life\/compraventa\/sube-el-precio-de-la-vivienda-un-25-en-el-primer-trimestre-de-2023-en-espana\/","title":{"rendered":"Sube el precio de la vivienda un 2,5% en el primer trimestre de 2023 en Espa\u00f1a"},"content":{"rendered":"<p><strong>En los primeros tres meses de 2023, Espa\u00f1a ha experimentado variaciones positivas en el <a href=\"https:\/\/www.fotocasa.es\/fotocasa-life\/compraventa\/conoce-el-precio-de-la-vivienda-en-venta-este-mes\/\">precio de la vivienda de segunda mano<\/a><\/strong>, pero en concreto, cierra el primer trimestre del a\u00f1o con un incremento trimestral del 2,5% y uno interanual del 9,9%, seg\u00fan los datos del \u00cdndice Inmobiliario Fotocasa<b>.<\/b> Estos incrementos detectados <strong>en marzo sit\u00faan el precio de la vivienda en venta en 2.102 euros por metro cuadrado<\/strong>.<\/p>\n","protected":false},"excerpt":{"rendered":"<p>El precio de la vivienda en Espa\u00f1a se incrementa un 9,9% interanual y sit\u00faa su precio mensual en 2.102 euros\/m2<\/p>\n","protected":false},"author":182,"featured_media":81490,"comment_status":"open","ping_status":"closed","sticky":false,"template":"","format":"standard","meta":{"_lmt_disableupdate":"yes","_lmt_disable":"","footnotes":""},"categories":[3],"tags":[5555,7930,7471,846,6539,207],"class_list":["post-81483","post","type-post","status-publish","format-standard","has-post-thumbnail","hentry","category-compraventa","tag-calcular-precio-vivienda","tag-comorar-casa-2023","tag-comprar-piso-2023","tag-indice-inmobiliario-fotocasa","tag-precio-comprar-vivienda","tag-precio-de-la-vivienda"],"modified_by":"Sara","_links":{"self":[{"href":"https:\/\/www.fotocasa.es\/fotocasa-life\/wp-json\/wp\/v2\/posts\/81483","targetHints":{"allow":["GET"]}}],"collection":[{"href":"https:\/\/www.fotocasa.es\/fotocasa-life\/wp-json\/wp\/v2\/posts"}],"about":[{"href":"https:\/\/www.fotocasa.es\/fotocasa-life\/wp-json\/wp\/v2\/types\/post"}],"author":[{"embeddable":true,"href":"https:\/\/www.fotocasa.es\/fotocasa-life\/wp-json\/wp\/v2\/users\/182"}],"replies":[{"embeddable":true,"href":"https:\/\/www.fotocasa.es\/fotocasa-life\/wp-json\/wp\/v2\/comments?post=81483"}],"version-history":[{"count":0,"href":"https:\/\/www.fotocasa.es\/fotocasa-life\/wp-json\/wp\/v2\/posts\/81483\/revisions"}],"wp:featuredmedia":[{"embeddable":true,"href":"https:\/\/www.fotocasa.es\/fotocasa-life\/wp-json\/wp\/v2\/media\/81490"}],"wp:attachment":[{"href":"https:\/\/www.fotocasa.es\/fotocasa-life\/wp-json\/wp\/v2\/media?parent=81483"}],"wp:term":[{"taxonomy":"category","embeddable":true,"href":"https:\/\/www.fotocasa.es\/fotocasa-life\/wp-json\/wp\/v2\/categories?post=81483"},{"taxonomy":"post_tag","embeddable":true,"href":"https:\/\/www.fotocasa.es\/fotocasa-life\/wp-json\/wp\/v2\/tags?post=81483"}],"curies":[{"name":"wp","href":"https:\/\/api.w.org\/{rel}","templated":true}]}}