{"id":81185,"date":"2023-04-04T10:41:11","date_gmt":"2023-04-04T08:41:11","guid":{"rendered":"https:\/\/www.fotocasa.es\/fotocasa-life\/?p=81185"},"modified":"2023-03-30T13:37:37","modified_gmt":"2023-03-30T11:37:37","slug":"ideas-faciles-que-puedes-hacer-con-ninos-para-decorar-tu-casa-en-pascua","status":"publish","type":"post","link":"https:\/\/www.fotocasa.es\/fotocasa-life\/inspiracion\/ideas-faciles-que-puedes-hacer-con-ninos-para-decorar-tu-casa-en-pascua\/","title":{"rendered":"Ideas f\u00e1ciles que puedes hacer con ni\u00f1os para decorar tu casa en Pascua"},"content":{"rendered":"<p><b>\u00bfSueles decorar tu casa en Pascua?<\/b> Es probable que tu respuesta haya sido un no rotundo. Es curioso c\u00f3mo ponemos tanto entusiasmo en vestir nuestra vivienda en Navidad y, sin embargo, <b>en Pascua no prestamos tanta atenci\u00f3n a la decoraci\u00f3n, m\u00e1s all\u00e1 de colgar las palmas y los ramos bendecidos<\/b> en <a href=\"https:\/\/www.fotocasa.es\/fotocasa-life\/compraventa\/7-de-cada-10-compradores-considera-importante-tener-terraza-en-casa\/\"><b>la terraza o el balc\u00f3n de nuestra casa<\/b><\/a>, si es que lo llegamos a hacer.<\/p>\n<p>Pero desde Fotocasa os queremos animar a hacerlo. No hace falta que os gast\u00e9is demasiado dinero ni tan siquiera que dediqu\u00e9is mucho tiempo, pero seguro que en alg\u00fan momento de <b>esta Semana Santa os apetece desconectar y <\/b><a href=\"https:\/\/www.fotocasa.es\/fotocasa-life\/hogar\/como-disfrutar-en-casa-con-los-ninos\/\"><b>pasar ratos divertidos con los m\u00e1s peque\u00f1os<\/b><\/a><b>, y qu\u00e9 mejor forma de hacerlo que decorando la casa con motivos de Pascua<\/b>. \u00a1Ver\u00e9is qu\u00e9 bien os lo pas\u00e1is!<\/p>\n","protected":false},"excerpt":{"rendered":"<p>Aunque en Espa\u00f1a no es muy habitual hacerlo, desde Fotocasa te traemos algunas ideas incre\u00edbles para decorar la vivienda en Pascua<\/p>\n","protected":false},"author":3,"featured_media":81186,"comment_status":"open","ping_status":"closed","sticky":false,"template":"","format":"standard","meta":{"_lmt_disableupdate":"yes","_lmt_disable":"","footnotes":""},"categories":[2697],"tags":[7903,7905,7904,7141,4548,7902,7862],"class_list":["post-81185","post","type-post","status-publish","format-standard","has-post-thumbnail","hentry","category-inspiracion","tag-decoracion-pascua","tag-decoracion-semana-santa","tag-decorar-tu-casa-en-pascua","tag-decorar-vivienda","tag-ideas-decoracion","tag-ideas-decorativas-pascua","tag-semana-santa"],"modified_by":"Sara","_links":{"self":[{"href":"https:\/\/www.fotocasa.es\/fotocasa-life\/wp-json\/wp\/v2\/posts\/81185","targetHints":{"allow":["GET"]}}],"collection":[{"href":"https:\/\/www.fotocasa.es\/fotocasa-life\/wp-json\/wp\/v2\/posts"}],"about":[{"href":"https:\/\/www.fotocasa.es\/fotocasa-life\/wp-json\/wp\/v2\/types\/post"}],"author":[{"embeddable":true,"href":"https:\/\/www.fotocasa.es\/fotocasa-life\/wp-json\/wp\/v2\/users\/3"}],"replies":[{"embeddable":true,"href":"https:\/\/www.fotocasa.es\/fotocasa-life\/wp-json\/wp\/v2\/comments?post=81185"}],"version-history":[{"count":0,"href":"https:\/\/www.fotocasa.es\/fotocasa-life\/wp-json\/wp\/v2\/posts\/81185\/revisions"}],"wp:featuredmedia":[{"embeddable":true,"href":"https:\/\/www.fotocasa.es\/fotocasa-life\/wp-json\/wp\/v2\/media\/81186"}],"wp:attachment":[{"href":"https:\/\/www.fotocasa.es\/fotocasa-life\/wp-json\/wp\/v2\/media?parent=81185"}],"wp:term":[{"taxonomy":"category","embeddable":true,"href":"https:\/\/www.fotocasa.es\/fotocasa-life\/wp-json\/wp\/v2\/categories?post=81185"},{"taxonomy":"post_tag","embeddable":true,"href":"https:\/\/www.fotocasa.es\/fotocasa-life\/wp-json\/wp\/v2\/tags?post=81185"}],"curies":[{"name":"wp","href":"https:\/\/api.w.org\/{rel}","templated":true}]}}