{"id":80554,"date":"2023-03-06T10:15:23","date_gmt":"2023-03-06T09:15:23","guid":{"rendered":"https:\/\/www.fotocasa.es\/fotocasa-life\/?p=80554"},"modified":"2025-03-04T07:23:00","modified_gmt":"2025-03-04T06:23:00","slug":"ciudades-con-el-ibi-mas-caro-de-espana","status":"publish","type":"post","link":"https:\/\/www.fotocasa.es\/fotocasa-life\/fiscalidad\/ciudades-con-el-ibi-mas-caro-de-espana\/","title":{"rendered":"\u00bfQu\u00e9 ciudades tienen el IBI m\u00e1s caro de Espa\u00f1a en 2025?"},"content":{"rendered":"<p><span style=\"font-weight: 400;\">El <strong><a href=\"https:\/\/www.fotocasa.es\/fotocasa-life\/fiscalidad\/que-puede-hacer-que-baje-o-suba-el-ibi-de-una-casa\/\">Impuesto de Bienes Inmuebles<\/a><\/strong>, m\u00e1s popularmente conocido como IBI, es <\/span><b>un impuesto de car\u00e1cter municipal<\/b><span style=\"font-weight: 400;\"> que hay que pagar de manera anual siempre que se sea propietario de una vivienda. Sin embargo, al ser un impuesto local, no todos los propietarios de Espa\u00f1a pagan lo mismo por este tributo. <\/span><\/p>\n<p><span style=\"font-weight: 400;\"><strong>\u00bfCu\u00e1les son las ciudades con el IBI m\u00e1s caro de Espa\u00f1a?<\/strong> \u00bfY las m\u00e1s baratas? Desde Fotocasa, analizamos el IBI en las 52 capitales de provincia<\/span><span style=\"font-weight: 400;\">\u00a0para conocer qu\u00e9 regiones espa\u00f1olas son las que<\/span> <span style=\"font-weight: 400;\">pagan m\u00e1s por el IBI de la vivienda.<\/span><\/p>\n<section class=\"mini-posts\"><div class=\"row align-items-center\"><div class=\"col-4 col-md-3 pt-2 pb-2\"><div class=\"mini-posts__image\"><a href=\"https:\/\/www.fotocasa.es\/fotocasa-life\/calculadora\/calcular-cuanto-se-paga-de-ibi-por-tu-casa\/\"><img decoding=\"async\" src=\"https:\/\/www.fotocasa.es\/fotocasa-life\/wp-content\/uploads\/2026\/01\/Calculadora-IBI-355x230.png\" alt=\"Calcular cu\u00e1nto se paga de IBI por tu casa en 2026\" title=\"-\"><\/a><\/div><\/div><div class=\"col-8 col-md-9 pt-2 pb-2\"><h3 class=\"mini-posts__title\"><a href=\"https:\/\/www.fotocasa.es\/fotocasa-life\/calculadora\/calcular-cuanto-se-paga-de-ibi-por-tu-casa\/\">Calcular cu\u00e1nto se paga de IBI por tu casa en 2026<\/a><\/h3><\/div><\/div><\/section>\n<h2><b>\u00bfQu\u00e9 es el IBI de una vivienda?<\/b><\/h2>\n<p><span style=\"font-weight: 400;\">Si vas a comprar una vivienda, adem\u00e1s de la hipoteca y del resto de gastos mensuales que tendr\u00e1s que afrontar, como los seguros y suministros, una partida importante a tener en cuenta a la hora de <\/span><strong><a href=\"https:\/\/www.fotocasa.es\/fotocasa-life\/compraventa\/que-gastos-que-tendre-que-pagar-siendo-propietario-de-una-vivienda\/\">planificar los gastos de tu vivienda<\/a><\/strong><span style=\"font-weight: 400;\">, son los <\/span><b>impuestos y tasas municipales<\/b><span style=\"font-weight: 400;\">.\u00a0<\/span><\/p>\n<p>&nbsp;<\/p>\n<div id=\"datawrapper-vis-gZCb6\" style=\"min-height: 570px;\"><script type=\"text\/javascript\" defer src=\"https:\/\/datawrapper.dwcdn.net\/gZCb6\/embed.js\" charset=\"utf-8\" data-target=\"#datawrapper-vis-gZCb6\"><\/script><noscript><img decoding=\"async\" src=\"https:\/\/datawrapper.dwcdn.net\/gZCb6\/full.png\" alt=\"- - - -\" title=\"-\"><\/noscript><\/div>\n","protected":false},"excerpt":{"rendered":"<p>Las diferencias entre los tipos impositivos establecidos por cada Ayuntamiento hacen que haya ciudades que paguen hasta 2,5 veces m\u00e1s que otras por el IBI de sus viviendas<\/p>\n","protected":false},"author":3,"featured_media":80558,"comment_status":"open","ping_status":"closed","sticky":false,"template":"","format":"standard","meta":{"_lmt_disableupdate":"yes","_lmt_disable":"","footnotes":""},"categories":[4280],"tags":[7289,7694,12105,288],"class_list":["post-80554","post","type-post","status-publish","format-standard","has-post-thumbnail","hentry","category-fiscalidad","tag-calculadora-ibi-2023","tag-ciudades-con-el-ibi-mas-caro","tag-geo","tag-impuestos"],"modified_by":null,"_links":{"self":[{"href":"https:\/\/www.fotocasa.es\/fotocasa-life\/wp-json\/wp\/v2\/posts\/80554","targetHints":{"allow":["GET"]}}],"collection":[{"href":"https:\/\/www.fotocasa.es\/fotocasa-life\/wp-json\/wp\/v2\/posts"}],"about":[{"href":"https:\/\/www.fotocasa.es\/fotocasa-life\/wp-json\/wp\/v2\/types\/post"}],"author":[{"embeddable":true,"href":"https:\/\/www.fotocasa.es\/fotocasa-life\/wp-json\/wp\/v2\/users\/3"}],"replies":[{"embeddable":true,"href":"https:\/\/www.fotocasa.es\/fotocasa-life\/wp-json\/wp\/v2\/comments?post=80554"}],"version-history":[{"count":0,"href":"https:\/\/www.fotocasa.es\/fotocasa-life\/wp-json\/wp\/v2\/posts\/80554\/revisions"}],"wp:featuredmedia":[{"embeddable":true,"href":"https:\/\/www.fotocasa.es\/fotocasa-life\/wp-json\/wp\/v2\/media\/80558"}],"wp:attachment":[{"href":"https:\/\/www.fotocasa.es\/fotocasa-life\/wp-json\/wp\/v2\/media?parent=80554"}],"wp:term":[{"taxonomy":"category","embeddable":true,"href":"https:\/\/www.fotocasa.es\/fotocasa-life\/wp-json\/wp\/v2\/categories?post=80554"},{"taxonomy":"post_tag","embeddable":true,"href":"https:\/\/www.fotocasa.es\/fotocasa-life\/wp-json\/wp\/v2\/tags?post=80554"}],"curies":[{"name":"wp","href":"https:\/\/api.w.org\/{rel}","templated":true}]}}