{"id":79641,"date":"2023-02-06T09:00:14","date_gmt":"2023-02-06T08:00:14","guid":{"rendered":"https:\/\/www.fotocasa.es\/fotocasa-life\/?p=79641"},"modified":"2023-02-13T09:59:05","modified_gmt":"2023-02-13T08:59:05","slug":"los-jovenes-deberian-dedicar-el-70-de-su-salario-a-alquilar-un-piso","status":"publish","type":"post","link":"https:\/\/www.fotocasa.es\/fotocasa-life\/alquiler\/los-jovenes-deberian-dedicar-el-70-de-su-salario-a-alquilar-un-piso\/","title":{"rendered":"Los j\u00f3venes deber\u00edan dedicar el 70% de su salario a alquilar un piso"},"content":{"rendered":"<p><a href=\"https:\/\/www.fotocasa.es\/fotocasa-life\/alquiler\/la-mitad-de-los-demandantes-de-alquiler-asegura-que-alquila-porque-no-puede-comprar\/\"><b>La mitad de los demandantes de alquiler asegura que tiene que alquilar un piso porque no puede comprar<\/b><\/a>. Y es que, a pesar que <b>el precio del arrendamiento en Espa\u00f1a ha incrementado notablemente en los \u00faltimos a\u00f1os<\/b>, comprar un inmueble es todav\u00eda m\u00e1s complicado para la mayor\u00eda. Por ello, como decimos, <b>muchos espa\u00f1oles no tienen m\u00e1s remedio que alquilar<\/b>.<\/p>\n<p><a href=\"https:\/\/www.fotocasa.es\/fotocasa-life\/los-jovenes-y-el-acceso-a-la-vivienda\/\"><b>En el caso de los j\u00f3venes, el acceso a la vivienda se complica todav\u00eda m\u00e1s<\/b><\/a><b>, ya que no suelen disponer de los ahorros necesarios para pagar la entrada de una vivienda<\/b> y, adem\u00e1s, no gozan de la estabilidad econ\u00f3mica y laboral necesaria para acceder a una hipoteca.<\/p>\n","protected":false},"excerpt":{"rendered":"<p>Alquilar una vivienda de 80 metros cuadrados en Espa\u00f1a cuesta, de media, 882 euros al mes<\/p>\n","protected":false},"author":3,"featured_media":79649,"comment_status":"open","ping_status":"closed","sticky":false,"template":"","format":"standard","meta":{"_lmt_disableupdate":"yes","_lmt_disable":"","footnotes":""},"categories":[2],"tags":[6535,4212,7277,7087,5991,6683,6575],"class_list":["post-79641","post","type-post","status-publish","format-standard","has-post-thumbnail","hentry","category-alquiler","tag-acceso-jovenes-vivienda","tag-alquilar-piso","tag-alquilar-vivienda-2023","tag-alquiler-2023","tag-alquiler-ayuda-jovenes","tag-ayudas-para-jovenes","tag-proyecto-vivienda-jovenes"],"modified_by":"Agustina Battioli","_links":{"self":[{"href":"https:\/\/www.fotocasa.es\/fotocasa-life\/wp-json\/wp\/v2\/posts\/79641","targetHints":{"allow":["GET"]}}],"collection":[{"href":"https:\/\/www.fotocasa.es\/fotocasa-life\/wp-json\/wp\/v2\/posts"}],"about":[{"href":"https:\/\/www.fotocasa.es\/fotocasa-life\/wp-json\/wp\/v2\/types\/post"}],"author":[{"embeddable":true,"href":"https:\/\/www.fotocasa.es\/fotocasa-life\/wp-json\/wp\/v2\/users\/3"}],"replies":[{"embeddable":true,"href":"https:\/\/www.fotocasa.es\/fotocasa-life\/wp-json\/wp\/v2\/comments?post=79641"}],"version-history":[{"count":0,"href":"https:\/\/www.fotocasa.es\/fotocasa-life\/wp-json\/wp\/v2\/posts\/79641\/revisions"}],"wp:featuredmedia":[{"embeddable":true,"href":"https:\/\/www.fotocasa.es\/fotocasa-life\/wp-json\/wp\/v2\/media\/79649"}],"wp:attachment":[{"href":"https:\/\/www.fotocasa.es\/fotocasa-life\/wp-json\/wp\/v2\/media?parent=79641"}],"wp:term":[{"taxonomy":"category","embeddable":true,"href":"https:\/\/www.fotocasa.es\/fotocasa-life\/wp-json\/wp\/v2\/categories?post=79641"},{"taxonomy":"post_tag","embeddable":true,"href":"https:\/\/www.fotocasa.es\/fotocasa-life\/wp-json\/wp\/v2\/tags?post=79641"}],"curies":[{"name":"wp","href":"https:\/\/api.w.org\/{rel}","templated":true}]}}