{"id":7855,"date":"2015-07-31T11:02:38","date_gmt":"2015-07-31T09:02:38","guid":{"rendered":"https:\/\/www.fotocasa.es\/fotocasa-life\/?p=7855"},"modified":"2020-11-27T11:29:41","modified_gmt":"2020-11-27T10:29:41","slug":"el-pib-sube-una-decima-en-el-segundo-trimestre-y-alcanza-el-31-interanual","status":"publish","type":"post","link":"https:\/\/www.fotocasa.es\/fotocasa-life\/hipotecas-finanzas\/el-pib-sube-una-decima-en-el-segundo-trimestre-y-alcanza-el-31-interanual\/","title":{"rendered":"El PIB sube una d\u00e9cima en el segundo trimestre y alcanza el 3,1% interanual"},"content":{"rendered":"<p>La econom\u00eda espa\u00f1ola creci\u00f3 un 1% en el segundo trimestre del a\u00f1o, una d\u00e9cima m\u00e1s que <strong><a href=\"https:\/\/www.fotocasa.es\/fotocasa-life\/hipotecas-finanzas\/el-banco-de-espana-eleva-al-28-el-pib-de-2015-tras-crecer-un-08-en-el-primer-trimestre\/\">en el trimestre anterior<\/a><\/strong>, seg\u00fan los datos provisionales el Instituto Nacional de Estad\u00edstica (INE)<\/p>\n<p>En tasa interanual, el crecimiento fue del 3,1% en el segundo trimestre, cuatro d\u00e9cimas m\u00e1s que en el trimestre anterior, acelerando la recuperaci\u00f3n que inici\u00f3 en la segunda mitad de 2013. De esta forma, el crecimiento interanual del PIB vuelve a niveles de finales de 2007.<\/p>\n<p>Con el repunte trimestral del PIB entre abril y junio se encadenan ya ocho trimestres de avances, mientras que la tasa interanual acumula siete trimestres en positivo.<\/p>\n<p>Los datos adelantados por Estad\u00edstica para el segundo trimestre del a\u00f1o coinciden con los avanzados por <strong><a href=\"https:\/\/www.fotocasa.es\/fotocasa-life\/hipotecas-finanzas\/el-pib-continua-su-trayectoria-expansiva-en-el-segundo-trimestre\/\">el Banco de Espa\u00f1a<\/a><\/strong> en su bolet\u00edn del mes de junio, en el que la instituci\u00f3n que gobierna\u00a0Luis Mar\u00eda Linde apunt\u00f3 a un crecimiento trimestral del 1% y una tasa interanual del 3,1%.<\/p>\n<p>Dada la aceleraci\u00f3n que viene experimentando la econom\u00eda espa\u00f1ola en los \u00faltimos trimestres y de las mejores proyecciones de los organismos internacionales, el Gobierno ha revisado al alza sus previsiones para 2015 y 2016, hasta el 3,3% y el 3%, respectivamente.<\/p>\n<p>&nbsp;<\/p>\n<p><strong>La demanda interna tira del PIB<\/strong><\/p>\n<p>Seg\u00fan subrayaba el Banco de Espa\u00f1a en bolet\u00edn econ\u00f3mico de junio, el crecimiento de la actividad en el segundo trimestre se apoy\u00f3 de nuevo en la \u00abfortaleza\u00bb de la demanda interna, con un \u00abmayor vigor\u00bb del <strong><a href=\"https:\/\/www.fotocasa.es\/fotocasa-life\/hipotecas-finanzas\/la-banca-relaja-los-criterios-de-aprobacion-de-prestamos-al-consumo\/\">consumo de los hogares<\/a><\/strong> y de la inversi\u00f3n en equipo y en vivienda.<\/p>\n<p>Dentro de los componentes del crecimiento, el Banco de Espa\u00f1a estima que el consumo de los hogares mostr\u00f3 en el segundo trimestre un crecimiento trimestral del 0,9%, dos d\u00e9cimas m\u00e1s que en el primer trimestre, gracias a la \u00abfavorable evoluci\u00f3n\u00bb del mercado de trabajo y la \u00abprogresiva mejora\u00bb de las condiciones financieras.<\/p>\n<p>Aunque en su bolet\u00edn de junio el Banco de Espa\u00f1a destacaba el \u00abelevado ritmo de crecimiento\u00bb que experiment\u00f3 la econom\u00eda espa\u00f1ola en el segundo trimestre, tambi\u00e9n avisaba de que se podr\u00eda observar una pauta de \u00abcierta contenci\u00f3n\u00bb en la segunda parte de 2015.<\/p>\n<p>En cualquier caso, gracias al comportamiento de la actividad en la primera mitad del a\u00f1o, \u00abm\u00e1s positivo de lo anticipado en marzo\u00bb, el Banco de Espa\u00f1a ha elevado tres d\u00e9cimas su previsi\u00f3n para todo el a\u00f1o, hasta el 3,1%.<\/p>\n<p>Seg\u00fan el supervisor, el incremento del 3,1% en el conjunto del a\u00f1o ser\u00e1 consecuencia de una \u00abevoluci\u00f3n muy din\u00e1mica\u00bb de la actividad en el primer semestre y de una \u00abgradual desaceleraci\u00f3n\u00bb posterior, que se prolongar\u00eda el pr\u00f3ximo a\u00f1o. La moderaci\u00f3n del crecimiento se explicar\u00eda por la amortiguaci\u00f3n de impulsos como la reducci\u00f3n del precio del petr\u00f3leo y de la depreciaci\u00f3n del euro.<\/p>\n<p>&nbsp;<\/p>\n","protected":false},"excerpt":{"rendered":"<p>La econom\u00eda espa\u00f1ola creci\u00f3 un 1% en el segundo trimestre del a\u00f1o, una d\u00e9cima m\u00e1s que en el trimestre anterior, seg\u00fan los datos provisionales el Instituto Nacional de Estad\u00edstica (INE) En tasa interanual, el crecimiento fue del 3,1% en el segundo trimestre, cuatro d\u00e9cimas m\u00e1s que en el trimestre anterior, acelerando la recuperaci\u00f3n que inici\u00f3&#8230;<\/p>\n","protected":false},"author":3,"featured_media":3720,"comment_status":"open","ping_status":"open","sticky":false,"template":"","format":"standard","meta":{"_lmt_disableupdate":"yes","_lmt_disable":"","footnotes":""},"categories":[6],"tags":[29,118,157,195],"class_list":["post-7855","post","type-post","status-publish","format-standard","has-post-thumbnail","hentry","category-hipotecas-finanzas","tag-banco-de-espana","tag-economia","tag-ine","tag-pib"],"modified_by":"Albert PC","_links":{"self":[{"href":"https:\/\/www.fotocasa.es\/fotocasa-life\/wp-json\/wp\/v2\/posts\/7855","targetHints":{"allow":["GET"]}}],"collection":[{"href":"https:\/\/www.fotocasa.es\/fotocasa-life\/wp-json\/wp\/v2\/posts"}],"about":[{"href":"https:\/\/www.fotocasa.es\/fotocasa-life\/wp-json\/wp\/v2\/types\/post"}],"author":[{"embeddable":true,"href":"https:\/\/www.fotocasa.es\/fotocasa-life\/wp-json\/wp\/v2\/users\/3"}],"replies":[{"embeddable":true,"href":"https:\/\/www.fotocasa.es\/fotocasa-life\/wp-json\/wp\/v2\/comments?post=7855"}],"version-history":[{"count":0,"href":"https:\/\/www.fotocasa.es\/fotocasa-life\/wp-json\/wp\/v2\/posts\/7855\/revisions"}],"wp:featuredmedia":[{"embeddable":true,"href":"https:\/\/www.fotocasa.es\/fotocasa-life\/wp-json\/wp\/v2\/media\/3720"}],"wp:attachment":[{"href":"https:\/\/www.fotocasa.es\/fotocasa-life\/wp-json\/wp\/v2\/media?parent=7855"}],"wp:term":[{"taxonomy":"category","embeddable":true,"href":"https:\/\/www.fotocasa.es\/fotocasa-life\/wp-json\/wp\/v2\/categories?post=7855"},{"taxonomy":"post_tag","embeddable":true,"href":"https:\/\/www.fotocasa.es\/fotocasa-life\/wp-json\/wp\/v2\/tags?post=7855"}],"curies":[{"name":"wp","href":"https:\/\/api.w.org\/{rel}","templated":true}]}}