{"id":7828,"date":"2015-07-28T11:50:22","date_gmt":"2015-07-28T09:50:22","guid":{"rendered":"https:\/\/www.fotocasa.es\/fotocasa-life\/?p=7828"},"modified":"2020-11-27T11:29:43","modified_gmt":"2020-11-27T10:29:43","slug":"la-banca-relaja-los-criterios-de-aprobacion-de-prestamos-al-consumo","status":"publish","type":"post","link":"https:\/\/www.fotocasa.es\/fotocasa-life\/hipotecas-finanzas\/la-banca-relaja-los-criterios-de-aprobacion-de-prestamos-al-consumo\/","title":{"rendered":"La banca relaja los criterios de aprobaci\u00f3n de pr\u00e9stamos al consumo"},"content":{"rendered":"<p>Las entidades financieras espa\u00f1olas relajaron ligeramente los criterios de aprobaci\u00f3n aplicados para la concesi\u00f3n de <strong><a href=\"https:\/\/www.fotocasa.es\/fotocasa-life\/hipotecas-finanzas\/los-prestamos-a-familias-y-empresas-en-la-eurozona-crecen-en-marzo-por-primera-vez-en-tres-anos\/\">pr\u00e9stamos a hogares para consumo<\/a><\/strong>, entre abril y junio de este a\u00f1o, por primera vez desde los tres primeros meses de 2014, seg\u00fan una encuesta de julio del Banco de Espa\u00f1a sobre pr\u00e9stamos bancarios.<\/p>\n<p>El organismo, encabezado por Luis Mar\u00eda Linde, explica este cambio por la mayor competencia entre entidades y por las mejores expectativas sobre la actividad econ\u00f3mica en general. Adem\u00e1s, detecta que las condiciones generales de los cr\u00e9ditos se suavizaron m\u00e1s en Espa\u00f1a que en la zona euro, al igual que en el caso de la financiaci\u00f3n empresarial.<\/p>\n<p>Los bancos espa\u00f1oles, adem\u00e1s, confirman que la demanda de pr\u00e9stamos a hogares para consumo y otros fines mantuvo su crecimiento en Espa\u00f1a, tambi\u00e9n mayor que <strong><a href=\"https:\/\/www.fotocasa.es\/fotocasa-life\/hipotecas-finanzas\/los-bancos-de-la-eurozona-relajaron-las-condiciones-de-sus-prestamos\/\">en el resto de la zona euro<\/a><\/strong>. Esto se debe a la mejora de la confianza de los consumidores, al incremento del gasto en bienes duraderos y al descenso del nivel general de los tipos de inter\u00e9s.<\/p>\n<p>En cuanto a los pr\u00e9stamos a hogares para <strong><a href=\"https:\/\/www.fotocasa.es\/fotocasa-life\/hipotecas-finanzas\/la-firma-de-hipotecas-sube-un-109-en-mayo-y-suma-ya-un-ano-de-ascensos\/\">adquisici\u00f3n de viviendas<\/a><\/strong>, los criterios de aprobaci\u00f3n se mantuvieron sin cambios en Espa\u00f1a en el segundo trimestre, mientras que en \u00e1rea del euro se relajaron. Pese a eso, la demanda de pr\u00e9stamos de las familias para adquirir vivienda se mantuvo estable en Espa\u00f1a.<\/p>\n<p>&nbsp;<\/p>\n<p><strong>Un tercer trimestre sin cambios<\/strong><\/p>\n<p>De cara al tercer trimestre, la banca espa\u00f1ola no espera cambios en los criterios de aprobaci\u00f3n de nuevos cr\u00e9ditos en ning\u00fan segmento. Eso s\u00ed, seg\u00fan las entidades, las <strong><a href=\"https:\/\/www.fotocasa.es\/fotocasa-life\/hipotecas-finanzas\/los-bancos-preven-un-aumento-de-las-peticiones-de-credito-en-el-segundo-trimestre\/\">solicitudes de fondos aumentar\u00e1n<\/a><\/strong> en todas las modalidades en Espa\u00f1a, m\u00e1s que en la zona euro, sobre todo en lo que se refiere a los cr\u00e9ditos a empresas y a familias para consumo y otros fines.<\/p>\n<p>El 90% de las entidades espa\u00f1olas encuestadas indicaron que participaron en la subasta de liquidez del BCE (TLTRO) de marzo, el mismo porcentaje que espera acudir a las pr\u00f3ximas TLTRO. As\u00ed pues, los bancos prev\u00e9n que estas subastas contribuir\u00e1n a suavizar las condiciones de pr\u00e9stamos, especialmente los destinados a empresas y a hogares para consumo.<\/p>\n<p>La Encuesta sobre Pr\u00e9stamos Bancarios (EPB) recoge las respuestas de diez instituciones espa\u00f1olas y se compara con los resultados del conjunto del \u00e1rea del euro. La encuesta se ha publicado en el bolet\u00edn econ\u00f3mico de julio-agosto del Banco de Espa\u00f1a.<\/p>\n<p>&nbsp;<\/p>\n","protected":false},"excerpt":{"rendered":"<p>Las entidades financieras espa\u00f1olas relajaron ligeramente los criterios de aprobaci\u00f3n aplicados para la concesi\u00f3n de pr\u00e9stamos a hogares para consumo, entre abril y junio de este a\u00f1o, por primera vez desde los tres primeros meses de 2014, seg\u00fan una encuesta de julio del Banco de Espa\u00f1a sobre pr\u00e9stamos bancarios. El organismo, encabezado por Luis Mar\u00eda&#8230;<\/p>\n","protected":false},"author":3,"featured_media":5531,"comment_status":"open","ping_status":"open","sticky":false,"template":"","format":"standard","meta":{"_lmt_disableupdate":"yes","_lmt_disable":"","footnotes":""},"categories":[6],"tags":[29,1107,1415,966,216],"class_list":["post-7828","post","type-post","status-publish","format-standard","has-post-thumbnail","hentry","category-hipotecas-finanzas","tag-banco-de-espana","tag-concesion-de-prestamos","tag-consumo-de-los-hogares","tag-prestamos-a-hogares","tag-prestamos-hipotecarios"],"modified_by":"Albert PC","_links":{"self":[{"href":"https:\/\/www.fotocasa.es\/fotocasa-life\/wp-json\/wp\/v2\/posts\/7828","targetHints":{"allow":["GET"]}}],"collection":[{"href":"https:\/\/www.fotocasa.es\/fotocasa-life\/wp-json\/wp\/v2\/posts"}],"about":[{"href":"https:\/\/www.fotocasa.es\/fotocasa-life\/wp-json\/wp\/v2\/types\/post"}],"author":[{"embeddable":true,"href":"https:\/\/www.fotocasa.es\/fotocasa-life\/wp-json\/wp\/v2\/users\/3"}],"replies":[{"embeddable":true,"href":"https:\/\/www.fotocasa.es\/fotocasa-life\/wp-json\/wp\/v2\/comments?post=7828"}],"version-history":[{"count":0,"href":"https:\/\/www.fotocasa.es\/fotocasa-life\/wp-json\/wp\/v2\/posts\/7828\/revisions"}],"wp:featuredmedia":[{"embeddable":true,"href":"https:\/\/www.fotocasa.es\/fotocasa-life\/wp-json\/wp\/v2\/media\/5531"}],"wp:attachment":[{"href":"https:\/\/www.fotocasa.es\/fotocasa-life\/wp-json\/wp\/v2\/media?parent=7828"}],"wp:term":[{"taxonomy":"category","embeddable":true,"href":"https:\/\/www.fotocasa.es\/fotocasa-life\/wp-json\/wp\/v2\/categories?post=7828"},{"taxonomy":"post_tag","embeddable":true,"href":"https:\/\/www.fotocasa.es\/fotocasa-life\/wp-json\/wp\/v2\/tags?post=7828"}],"curies":[{"name":"wp","href":"https:\/\/api.w.org\/{rel}","templated":true}]}}