{"id":77992,"date":"2022-12-28T09:30:01","date_gmt":"2022-12-28T08:30:01","guid":{"rendered":"https:\/\/www.fotocasa.es\/fotocasa-life\/?p=77992"},"modified":"2022-12-27T19:08:24","modified_gmt":"2022-12-27T18:08:24","slug":"como-y-donde-guardar-los-medicamentos-y-productos-toxicos-de-manera-segura","status":"publish","type":"post","link":"https:\/\/www.fotocasa.es\/fotocasa-life\/seguridad\/como-y-donde-guardar-los-medicamentos-y-productos-toxicos-de-manera-segura\/","title":{"rendered":"C\u00f3mo y d\u00f3nde guardar los medicamentos de manera segura"},"content":{"rendered":"<p>En casa, solemos tener productos t\u00f3xicos, como medicamentos o art\u00edculos de limpieza, que pueden poner en riesgo la salud de los m\u00e1s peque\u00f1os, e incluso, de los adultos. Almacenar correctamente los medicamentos y productos farmacol\u00f3gicos <strong>ayudar\u00e1 a evitar posibles accidentes <\/strong>y garantizar\u00e1 un funcionamiento \u00f3ptimo, sin que su efecto se vea alterado.<\/p>\n<p>Desde Fotocasa, te traemos las respuestas a las cl\u00e1sicas preguntas: \u00bfd\u00f3nde se deben guardar los medicamentos en casa? \u00bfSe deben <strong><a href=\"https:\/\/www.fotocasa.es\/fotocasa-life\/consultorio\/trucos-para-mantener-la-cocina-ordenada\/\">almacenar en la cocina?<\/a><\/strong> \u00bfEn el ba\u00f1o?&#8230; \u00a1Empezamos!<\/p>\n","protected":false},"excerpt":{"rendered":"<p>Guardar los medicamentos y productos t\u00f3xicos lejos del alcance de los ni\u00f1os es esencial para prevenir intoxicaciones<\/p>\n","protected":false},"author":152,"featured_media":77993,"comment_status":"open","ping_status":"closed","sticky":false,"template":"","format":"standard","meta":{"_lmt_disableupdate":"yes","_lmt_disable":"","footnotes":""},"categories":[1445],"tags":[7261,7260],"class_list":["post-77992","post","type-post","status-publish","format-standard","has-post-thumbnail","hentry","category-seguridad","tag-donde-guardar-medicamentos","tag-guardar-medicamentos-en-casa"],"modified_by":"Jessica Llavero","_links":{"self":[{"href":"https:\/\/www.fotocasa.es\/fotocasa-life\/wp-json\/wp\/v2\/posts\/77992","targetHints":{"allow":["GET"]}}],"collection":[{"href":"https:\/\/www.fotocasa.es\/fotocasa-life\/wp-json\/wp\/v2\/posts"}],"about":[{"href":"https:\/\/www.fotocasa.es\/fotocasa-life\/wp-json\/wp\/v2\/types\/post"}],"author":[{"embeddable":true,"href":"https:\/\/www.fotocasa.es\/fotocasa-life\/wp-json\/wp\/v2\/users\/152"}],"replies":[{"embeddable":true,"href":"https:\/\/www.fotocasa.es\/fotocasa-life\/wp-json\/wp\/v2\/comments?post=77992"}],"version-history":[{"count":0,"href":"https:\/\/www.fotocasa.es\/fotocasa-life\/wp-json\/wp\/v2\/posts\/77992\/revisions"}],"wp:featuredmedia":[{"embeddable":true,"href":"https:\/\/www.fotocasa.es\/fotocasa-life\/wp-json\/wp\/v2\/media\/77993"}],"wp:attachment":[{"href":"https:\/\/www.fotocasa.es\/fotocasa-life\/wp-json\/wp\/v2\/media?parent=77992"}],"wp:term":[{"taxonomy":"category","embeddable":true,"href":"https:\/\/www.fotocasa.es\/fotocasa-life\/wp-json\/wp\/v2\/categories?post=77992"},{"taxonomy":"post_tag","embeddable":true,"href":"https:\/\/www.fotocasa.es\/fotocasa-life\/wp-json\/wp\/v2\/tags?post=77992"}],"curies":[{"name":"wp","href":"https:\/\/api.w.org\/{rel}","templated":true}]}}