{"id":77980,"date":"2022-12-29T12:00:19","date_gmt":"2022-12-29T11:00:19","guid":{"rendered":"https:\/\/www.fotocasa.es\/fotocasa-life\/?p=77980"},"modified":"2022-12-28T14:20:28","modified_gmt":"2022-12-28T13:20:28","slug":"las-nuevas-tendencias-del-sector-inmobiliario-para-2023","status":"publish","type":"post","link":"https:\/\/www.fotocasa.es\/fotocasa-life\/sector\/las-nuevas-tendencias-del-sector-inmobiliario-para-2023\/","title":{"rendered":"Las nuevas tendencias del sector inmobiliario para 2023"},"content":{"rendered":"<p>Estamos asistiendo a un cambio claro de tendencia. Tras el incremento del n\u00famero de compraventas en los a\u00f1os 2020 y 2021, los cambios socioecon\u00f3micos vividos durante este 2022 han impactado inevitablemente en el mercado de la vivienda. La guerra de Ucrania, el incremento de la inflaci\u00f3n, la subida del precio de la electricidad y el gas, o la subida de los tipos de inter\u00e9s han desencadenado cierta desaceleraci\u00f3n de las <strong><a href=\"https:\/\/www.fotocasa.es\/es\/comprar\/viviendas\/espana\/todas-las-zonas\/l\">compraventas<\/a><\/strong> en la recta final del a\u00f1o. En este escenario, \u00bfqu\u00e9 podemos esperar durante los pr\u00f3ximos meses? \u00a1Te lo contamos!<\/p>\n<h2>Tendencia mercado inmobiliario 2023<\/h2>\n<p>El mayor obst\u00e1culo podr\u00eda estar en la subida reiterada de los tipos de inter\u00e9s, que est\u00e1 provocando un encarecimiento de las hipotecas. Un factor que puede influir en <strong><a href=\"https:\/\/www.fotocasa.es\/fotocasa-life\/compraventa\/conoce-el-precio-de-la-vivienda-en-venta-este-mes\/\">el precio de la vivienda,<\/a><\/strong> al verse reducida la demanda. Es previsible que la capacidad de ahorro de los hogares espa\u00f1oles se reduzca, ya no solo por el incremento del precio de los pr\u00e9stamos hipotecarios, sino tambi\u00e9n por la elevada inflaci\u00f3n y, en general, el aumento del coste de la vida.<\/p>\n","protected":false},"excerpt":{"rendered":"<p>\u00bfEs un buen momento para comprar una vivienda? Es normal tener dudas ante la incertidumbre socioecon\u00f3mica y la desaceleraci\u00f3n de algunas grandes potencias<\/p>\n","protected":false},"author":3,"featured_media":78569,"comment_status":"open","ping_status":"closed","sticky":false,"template":"","format":"standard","meta":{"_lmt_disableupdate":"yes","_lmt_disable":"","footnotes":""},"categories":[2327],"tags":[7087,7089,2573,2587,1246,5011,7267],"class_list":["post-77980","post","type-post","status-publish","format-standard","has-post-thumbnail","hentry","category-sector","tag-alquiler-2023","tag-compraventa-2023","tag-mercado-de-alquiler","tag-mercado-de-compra","tag-tendencias-del-sector-inmobiliario","tag-tendencias-vivienda","tag-tendencias-vivienda-2023"],"modified_by":"srv.es.fc-zt-dg@adevinta.com","_links":{"self":[{"href":"https:\/\/www.fotocasa.es\/fotocasa-life\/wp-json\/wp\/v2\/posts\/77980","targetHints":{"allow":["GET"]}}],"collection":[{"href":"https:\/\/www.fotocasa.es\/fotocasa-life\/wp-json\/wp\/v2\/posts"}],"about":[{"href":"https:\/\/www.fotocasa.es\/fotocasa-life\/wp-json\/wp\/v2\/types\/post"}],"author":[{"embeddable":true,"href":"https:\/\/www.fotocasa.es\/fotocasa-life\/wp-json\/wp\/v2\/users\/3"}],"replies":[{"embeddable":true,"href":"https:\/\/www.fotocasa.es\/fotocasa-life\/wp-json\/wp\/v2\/comments?post=77980"}],"version-history":[{"count":0,"href":"https:\/\/www.fotocasa.es\/fotocasa-life\/wp-json\/wp\/v2\/posts\/77980\/revisions"}],"wp:featuredmedia":[{"embeddable":true,"href":"https:\/\/www.fotocasa.es\/fotocasa-life\/wp-json\/wp\/v2\/media\/78569"}],"wp:attachment":[{"href":"https:\/\/www.fotocasa.es\/fotocasa-life\/wp-json\/wp\/v2\/media?parent=77980"}],"wp:term":[{"taxonomy":"category","embeddable":true,"href":"https:\/\/www.fotocasa.es\/fotocasa-life\/wp-json\/wp\/v2\/categories?post=77980"},{"taxonomy":"post_tag","embeddable":true,"href":"https:\/\/www.fotocasa.es\/fotocasa-life\/wp-json\/wp\/v2\/tags?post=77980"}],"curies":[{"name":"wp","href":"https:\/\/api.w.org\/{rel}","templated":true}]}}