{"id":77606,"date":"2023-11-09T10:00:30","date_gmt":"2023-11-09T09:00:30","guid":{"rendered":"https:\/\/www.fotocasa.es\/fotocasa-life\/?p=77606"},"modified":"2025-09-22T07:21:00","modified_gmt":"2025-09-22T05:21:00","slug":"5-reformas-para-las-que-debes-pedir-permiso-a-la-comunidad-de-vecinos","status":"publish","type":"post","link":"https:\/\/www.fotocasa.es\/fotocasa-life\/hogar\/reformas\/5-reformas-para-las-que-debes-pedir-permiso-a-la-comunidad-de-vecinos\/","title":{"rendered":"Reformas que requieren permiso de la comunidad de vecinos"},"content":{"rendered":"<p>Si se va a realizar una reforma que no altera los elementos comunes, como una obra en el ba\u00f1o, en la cocina o un cambio de suelo no se necesitar\u00e1 pedir permiso a la comunidad. Sin embargo, <strong>s\u00ed hay otras reformas para las que se debe solicitar permiso al resto de propietarios.<\/strong><\/p>\n<p>Todas aquellas que alteren los elementos comunes de la finca, as\u00ed como los <strong><a href=\"https:\/\/www.fotocasa.es\/fotocasa-life\/hogar\/reformas\/puedo-elegir-de-que-color-pintar-la-fachada-de-mi-casa\/\">cambios en la pared de la fachada<\/a><\/strong>, rellanos, muros de carga&#8230; Desde Fotocasa, damos algunos ejemplos de reformas que s\u00ed requerir\u00e1n el visto bueno de los dem\u00e1s propietarios para poder llevarse a cabo.<\/p>\n<section class=\"mini-posts\"><div class=\"row align-items-center\"><div class=\"col-4 col-md-3 pt-2 pb-2\"><div class=\"mini-posts__image\"><a href=\"https:\/\/www.fotocasa.es\/fotocasa-life\/hogar\/reformas\/puede-la-comunidad-obligarme-a-cambiar-las-ventanas\/\"><img decoding=\"async\" src=\"https:\/\/www.fotocasa.es\/fotocasa-life\/wp-content\/uploads\/2024\/11\/cambiar-ventanas-2-355x230.jpg\" alt=\"\u00bfPuede la comunidad obligarme a cambiar las ventanas?\" title=\"-\"><\/a><\/div><\/div><div class=\"col-8 col-md-9 pt-2 pb-2\"><h3 class=\"mini-posts__title\"><a href=\"https:\/\/www.fotocasa.es\/fotocasa-life\/hogar\/reformas\/puede-la-comunidad-obligarme-a-cambiar-las-ventanas\/\">\u00bfPuede la comunidad obligarme a cambiar las ventanas?<\/a><\/h3><\/div><\/div><\/section>\n<h2>5 obras en la fachada que requieren el permiso de la comunidad de vecinos<\/h2>\n<p>Algunas reformas en casa, adem\u00e1s de exigir la solicitud de permisos en el ayuntamiento (licencia de obras), tambi\u00e9n requieren <strong>hablar con la comunidad para saber si contamos con luz verde<\/strong> para iniciar las obras. Veamos los casos m\u00e1s comunes:<\/p>\n<h3>1. Cerrar el balc\u00f3n o la terraza<\/h3>\n<p>Si queremos hacer un <strong>cerramiento de balc\u00f3n o terraza de forma legal<\/strong>, deberemos pedir permiso a la <strong>comunidad de vecinos<\/strong>, pero tambi\u00e9n al <strong>ayuntamiento<\/strong>. Se trata de una reforma que altera los elementos comunes, concretamente la fachada, y que adem\u00e1s requiere de una licencia de obras de forma obligatoria.<\/p>\n<p><span data-sheets-value=\"{&quot;1&quot;:2,&quot;2&quot;:&quot;&lt;section class=&quot;mini-posts&quot;&gt;&lt;div class=&quot;row align-items-center&quot;&gt;&lt;div class=&quot;col-4 col-md-3 pt-2 pb-2&quot;&gt;&lt;div class=&quot;mini-posts__image&quot;&gt;&lt;a href=&quot;https:\/\/www.fotocasa.es\/fotocasa-life\/hogar\/reformas\/5-reformas-para-las-que-debes-pedir-permiso-a-la-comunidad-de-vecinos\/&quot;&gt;&lt;img src=&quot;https:\/\/www.fotocasa.es\/fotocasa-life\/wp-content\/uploads\/2022\/11\/permiso-comunidad-de-vecinos-355x230.jpg&quot; alt=&quot;&quot; \/&gt;&lt;\/a&gt;&lt;\/div&gt;&lt;\/div&gt;&lt;div class=&quot;col-8 col-md-9 pt-2 pb-2&quot;&gt;&lt;h3 class=&quot;mini-posts__title&quot;&gt;&lt;a href=&quot;https:\/\/www.fotocasa.es\/fotocasa-life\/hogar\/reformas\/5-reformas-para-las-que-debes-pedir-permiso-a-la-comunidad-de-vecinos\/&quot;&gt;&lt;\/a&gt;&lt;\/h3&gt;&lt;\/div&gt;&lt;\/div&gt;&lt;\/section&gt;&quot;}\" data-sheets-userformat=\"{&quot;2&quot;:33569281,&quot;3&quot;:{&quot;1&quot;:0},&quot;12&quot;:0,&quot;14&quot;:{&quot;1&quot;:2,&quot;2&quot;:0},&quot;15&quot;:&quot;\\&quot;Open Sans\\&quot;, sans-serif&quot;,&quot;16&quot;:11,&quot;28&quot;:1}\"><section class=\"mini-posts\"><div class=\"row align-items-center\"><div class=\"col-4 col-md-3 pt-2 pb-2\"><div class=\"mini-posts__image\"><a href=\"https:\/\/www.fotocasa.es\/fotocasa-life\/brain\/puede-la-comunidad-solicitar-que-se-deshaga-un-cerramiento\/\"><img decoding=\"async\" src=\"https:\/\/www.fotocasa.es\/fotocasa-life\/wp-content\/uploads\/2025\/04\/deshacer-cerramiento-355x230.jpg\" alt=\"\u00bfPuede la comunidad solicitar que se deshaga un cerramiento?\" title=\"-\"><\/a><\/div><\/div><div class=\"col-8 col-md-9 pt-2 pb-2\"><h3 class=\"mini-posts__title\"><a href=\"https:\/\/www.fotocasa.es\/fotocasa-life\/brain\/puede-la-comunidad-solicitar-que-se-deshaga-un-cerramiento\/\">\u00bfPuede la comunidad solicitar que se deshaga un cerramiento?<\/a><\/h3><\/div><\/div><\/section><\/span><\/p>\n<p>El <strong><a href=\"https:\/\/www.fotocasa.es\/fotocasa-life\/hogar\/reformas\/puedo-cerrar-mi-terraza-o-jardin-si-pertenece-a-una-comunidad-de-vecinos\/\">cerramiento de la terraza o balc\u00f3n<\/a> cambiar\u00e1 el aspecto de la fachada exterior del edificio<\/strong>, por lo que necesitamos solicitar los permisos necesarios. En caso de cerrar una terraza o balc\u00f3n ilegalmente, podr\u00edan denunciarnos por infracci\u00f3n urban\u00edstica.<\/p>\n<p><img loading=\"lazy\" decoding=\"async\" class=\"aligncenter size-full wp-image-96907\" src=\"https:\/\/www.fotocasa.es\/fotocasa-life\/wp-content\/uploads\/2023\/11\/cerramiento-de-balcon.jpg\" alt=\"Cerramiento de balc\u00f3n o terraza\" width=\"1200\" height=\"800\" title=\"-\" srcset=\"https:\/\/www.fotocasa.es\/fotocasa-life\/wp-content\/uploads\/2023\/11\/cerramiento-de-balcon.jpg 1200w, https:\/\/www.fotocasa.es\/fotocasa-life\/wp-content\/uploads\/2023\/11\/cerramiento-de-balcon-300x200.jpg 300w, https:\/\/www.fotocasa.es\/fotocasa-life\/wp-content\/uploads\/2023\/11\/cerramiento-de-balcon-1024x683.jpg 1024w, https:\/\/www.fotocasa.es\/fotocasa-life\/wp-content\/uploads\/2023\/11\/cerramiento-de-balcon-150x100.jpg 150w, https:\/\/www.fotocasa.es\/fotocasa-life\/wp-content\/uploads\/2023\/11\/cerramiento-de-balcon-768x512.jpg 768w\" sizes=\"auto, (max-width: 1200px) 100vw, 1200px\" \/><\/p>\n<h3>2. Colocar o cambiar toldos en la fachada<\/h3>\n<p>Seg\u00fan la <strong><a href=\"https:\/\/www.fotocasa.es\/fotocasa-life\/compraventa\/los-puntos-clave-de-la-ley-de-propiedad-horizontal\/\">Ley de Propiedad Horizontal<\/a><\/strong>, la colocaci\u00f3n de p\u00e9rgolas, toldos y otros elementos que puedan afectar a la est\u00e9tica de la fachada del edificio <strong>requerir\u00e1 el permiso de la comunidad de vecinos<\/strong>.<\/p>\n<p>Como ocurre en el caso anterior, al colocar un toldo en la fachada, deber\u00e1 haber consenso por parte de los propietarios de la finca. Las comunidades de propietarios acostumbran a acordar una serie de normas respecto a su instalaci\u00f3n,<strong> dise\u00f1o, color y modelo<\/strong>, por lo que en la mayor\u00eda de casos no podremos colocar el toldo que queramos sin consultar.<\/p>\n<p><img loading=\"lazy\" decoding=\"async\" class=\"aligncenter size-full wp-image-96908\" src=\"https:\/\/www.fotocasa.es\/fotocasa-life\/wp-content\/uploads\/2023\/11\/toldo-fachada.jpg\" alt=\"Toldo fachada\" width=\"1200\" height=\"800\" title=\"-\" srcset=\"https:\/\/www.fotocasa.es\/fotocasa-life\/wp-content\/uploads\/2023\/11\/toldo-fachada.jpg 1200w, https:\/\/www.fotocasa.es\/fotocasa-life\/wp-content\/uploads\/2023\/11\/toldo-fachada-300x200.jpg 300w, https:\/\/www.fotocasa.es\/fotocasa-life\/wp-content\/uploads\/2023\/11\/toldo-fachada-1024x683.jpg 1024w, https:\/\/www.fotocasa.es\/fotocasa-life\/wp-content\/uploads\/2023\/11\/toldo-fachada-150x100.jpg 150w, https:\/\/www.fotocasa.es\/fotocasa-life\/wp-content\/uploads\/2023\/11\/toldo-fachada-768x512.jpg 768w\" sizes=\"auto, (max-width: 1200px) 100vw, 1200px\" \/><\/p>\n<h3>3. Instalar el aire acondicionado en la fachada o patios interiores<\/h3>\n<p>El <strong>sistema de aire acondicionado est\u00e1 compuesto por dos dispositivos<\/strong>: el que se coloca en el interior de la vivienda y el dispositivo con salida al exterior. Este segundo dispositivo necesita expulsar el aire, por lo que suele ubicarse en la fachada o en patios interiores.<\/p>\n<p>En este caso, <strong>es necesario conocer qu\u00e9 dice la <a href=\"https:\/\/www.fotocasa.es\/fotocasa-life\/consultorio\/que-puedo-poner-en-las-zonas-comunes-de-mi-edificio\/\">normativa sobre las zonas comunes<\/a><\/strong>. Los estatutos de la comunidad<strong>\u00a0<\/strong>pueden permitir la instalaci\u00f3n de aires acondicionados en la fachada o patios comunes o bien prohibir esta pr\u00e1ctica al romper con la est\u00e9tica de la fachada y desencadenar problemas de ruido.<\/p>\n<p><img loading=\"lazy\" decoding=\"async\" class=\"aligncenter size-full wp-image-96909\" src=\"https:\/\/www.fotocasa.es\/fotocasa-life\/wp-content\/uploads\/2023\/11\/aire-acondicionado-fachada.jpg\" alt=\"aire acondicionado en la fachada\" width=\"1200\" height=\"800\" title=\"-\" srcset=\"https:\/\/www.fotocasa.es\/fotocasa-life\/wp-content\/uploads\/2023\/11\/aire-acondicionado-fachada.jpg 1200w, https:\/\/www.fotocasa.es\/fotocasa-life\/wp-content\/uploads\/2023\/11\/aire-acondicionado-fachada-300x200.jpg 300w, https:\/\/www.fotocasa.es\/fotocasa-life\/wp-content\/uploads\/2023\/11\/aire-acondicionado-fachada-1024x683.jpg 1024w, https:\/\/www.fotocasa.es\/fotocasa-life\/wp-content\/uploads\/2023\/11\/aire-acondicionado-fachada-150x100.jpg 150w, https:\/\/www.fotocasa.es\/fotocasa-life\/wp-content\/uploads\/2023\/11\/aire-acondicionado-fachada-768x512.jpg 768w\" sizes=\"auto, (max-width: 1200px) 100vw, 1200px\" \/><\/p>\n<h3>4. Pintar la fachada<\/h3>\n<p>Como indica el <a href=\"https:\/\/boe.es\/buscar\/act.php?id=BOE-A-1960-10906#aseptimo\" target=\"_blank\" rel=\"noopener\"><strong>art\u00edculo 7 de la Ley de Propiedad Horizontal<\/strong><\/a>, \u00abEl propietario de cada piso o local podr\u00e1 modificar los elementos arquitect\u00f3nicos, instalaciones o servicios de aqu\u00e9l <strong>cuando no menoscabe o altere la seguridad del edificio, su estructura general, su configuraci\u00f3n o estado exteriores<\/strong>\u00ab.<\/p>\n<p>Pintar una fachada es una alteraci\u00f3n de los elementos comunes, por lo que deber\u00e1 someterse al consenso del resto de vecinos de la finca. Por otro lado, pintar la fachada de un edificio tambi\u00e9n suele considerarse una obra mayor, por lo que <strong>se necesita el <a href=\"https:\/\/www.fotocasa.es\/fotocasa-life\/abc-fotocasa\/licencia-de-obra-menor\/\">permiso de obra del ayuntamiento<\/a><\/strong>.<\/p>\n<p>Para pintar una fachada debe presentarse el proyecto al ayuntamiento junto a los documentos gr\u00e1ficos que indiquen cu\u00e1l es la superficie que se va a pintar.<\/p>\n<p><img loading=\"lazy\" decoding=\"async\" class=\"aligncenter size-full wp-image-96910\" src=\"https:\/\/www.fotocasa.es\/fotocasa-life\/wp-content\/uploads\/2023\/11\/pintar-la-fachada.jpg\" alt=\"pintar la fachada\" width=\"1200\" height=\"798\" title=\"-\" srcset=\"https:\/\/www.fotocasa.es\/fotocasa-life\/wp-content\/uploads\/2023\/11\/pintar-la-fachada.jpg 1200w, https:\/\/www.fotocasa.es\/fotocasa-life\/wp-content\/uploads\/2023\/11\/pintar-la-fachada-300x200.jpg 300w, https:\/\/www.fotocasa.es\/fotocasa-life\/wp-content\/uploads\/2023\/11\/pintar-la-fachada-1024x681.jpg 1024w, https:\/\/www.fotocasa.es\/fotocasa-life\/wp-content\/uploads\/2023\/11\/pintar-la-fachada-150x100.jpg 150w, https:\/\/www.fotocasa.es\/fotocasa-life\/wp-content\/uploads\/2023\/11\/pintar-la-fachada-768x511.jpg 768w\" sizes=\"auto, (max-width: 1200px) 100vw, 1200px\" \/><\/p>\n<h3>5. Cambiar la puerta principal<\/h3>\n<p>Por normal general, no <strong>hay que pedir permiso para <\/strong><a href=\"https:\/\/www.fotocasa.es\/fotocasa-life\/hogar\/reformas\/como-cambiar-las-puertas-de-casa-y-cuanto-vale\/\"><strong>cambiar la puerta<\/strong><\/a><strong> de entrada<\/strong>, no obstante, si queremos ampliar la puerta de tama\u00f1o, cambiarla de color, de sitio o hacer otros cambios que afecten a los elementos comunes, s\u00ed necesitaremos su permiso.<\/p>\n<p>Si la idea es cambiar la puerta por una con unas mejores condiciones, en principio no ser\u00eda necesario. De todos modos, deben consultarse antes los estatutos de la comunidad, ya que algunas fincas s\u00ed podr\u00edan estipular <strong>normas sobre el cambio de las puertas<\/strong> en cuanto a su est\u00e9tica o seguridad.<\/p>\n<p>Si no hay una norma, pero tenemos pensado poner una puerta que s\u00ed altera los elementos comunes (otro color, tama\u00f1o, est\u00e9tica&#8230;), lo m\u00e1s aconsejable es hablar con el presidente de la comunidad. Este convocar\u00e1 una <strong><a href=\"https:\/\/www.fotocasa.es\/fotocasa-life\/compraventa\/se-pueden-cambiar-los-estatutos-de-una-comunidad-de-vecinos\/\">junta de propietarios para votar a favor o en contra<\/a><\/strong> de la instalaci\u00f3n o cambio de cualquier elemento que altere los elementos comunes. Se <strong>necesitan 3\/5 partes a favor para poder proceder con la reforma o instalaci\u00f3n.<\/strong><\/p>\n<p><img loading=\"lazy\" decoding=\"async\" class=\"aligncenter size-full wp-image-85580\" src=\"https:\/\/www.fotocasa.es\/fotocasa-life\/wp-content\/uploads\/2023\/10\/puerta-principal-del-edificio.png\" alt=\"reparaciones urgentes comunidad propietarios\" width=\"1200\" height=\"675\" title=\"-\" srcset=\"https:\/\/www.fotocasa.es\/fotocasa-life\/wp-content\/uploads\/2023\/10\/puerta-principal-del-edificio.png 1200w, https:\/\/www.fotocasa.es\/fotocasa-life\/wp-content\/uploads\/2023\/10\/puerta-principal-del-edificio-300x169.png 300w, https:\/\/www.fotocasa.es\/fotocasa-life\/wp-content\/uploads\/2023\/10\/puerta-principal-del-edificio-1024x576.png 1024w, https:\/\/www.fotocasa.es\/fotocasa-life\/wp-content\/uploads\/2023\/10\/puerta-principal-del-edificio-150x84.png 150w, https:\/\/www.fotocasa.es\/fotocasa-life\/wp-content\/uploads\/2023\/10\/puerta-principal-del-edificio-768x432.png 768w\" sizes=\"auto, (max-width: 1200px) 100vw, 1200px\" \/><\/p>\n<h2>\u00bfMe puede pedir un vecino mi licencia de obra?<\/h2>\n<p>La respuesta es un rotundo no. Un vecino de la comunidad <strong>no est\u00e1 legitimado para exigir que mostremos la licencia de obra<\/strong>. Ahora bien, para no causar preocupaciones en la comunidad, es recomendable <strong>ser considerado y abierto a mantener una conversaci\u00f3n amistosa <\/strong>para garantizar que el proceso de la reforma sea fluido y no genere problemas.<\/p>\n<p>Solo el propietario de una vivienda es el responsable de obtener la licencia, por lo que ni los vecinos ni el presidente tienen autoridad para pedirla.\u00a0Si, como buenos vecinos, queremos <strong>mostrar que existe licencia de obra<\/strong> podemos hablar con el interesado en conocer esta informaci\u00f3n y explicarle que ya se ha tramitado el permiso en el ayuntamiento o ense\u00f1arle el documento. Eso s\u00ed, no hay obligaci\u00f3n de hacerlo, ya que solo la <strong>Polic\u00eda Local o Urbanismo<\/strong> est\u00e1n legitimados para exigir esta documentaci\u00f3n.<\/p>\n","protected":false},"excerpt":{"rendered":"<p>Cerrar el balc\u00f3n o la terraza, instalar un toldo o un aire acondicionado y pintar la fachada: reformas para las que necesitas el permiso de los vecinos<\/p>\n","protected":false},"author":190,"featured_media":77609,"comment_status":"open","ping_status":"closed","sticky":false,"template":"","format":"standard","meta":{"_lmt_disableupdate":"yes","_lmt_disable":"","footnotes":""},"categories":[7],"tags":[7075,7076,7073,7074],"class_list":["post-77606","post","type-post","status-publish","format-standard","has-post-thumbnail","hentry","category-reformas","tag-cerrar-balcon-permiso-vecinos","tag-colocar-toldo-permisos","tag-reformas-fachada","tag-reformas-permiso-vecinos"],"modified_by":"Jessica Llavero","_links":{"self":[{"href":"https:\/\/www.fotocasa.es\/fotocasa-life\/wp-json\/wp\/v2\/posts\/77606","targetHints":{"allow":["GET"]}}],"collection":[{"href":"https:\/\/www.fotocasa.es\/fotocasa-life\/wp-json\/wp\/v2\/posts"}],"about":[{"href":"https:\/\/www.fotocasa.es\/fotocasa-life\/wp-json\/wp\/v2\/types\/post"}],"author":[{"embeddable":true,"href":"https:\/\/www.fotocasa.es\/fotocasa-life\/wp-json\/wp\/v2\/users\/190"}],"replies":[{"embeddable":true,"href":"https:\/\/www.fotocasa.es\/fotocasa-life\/wp-json\/wp\/v2\/comments?post=77606"}],"version-history":[{"count":0,"href":"https:\/\/www.fotocasa.es\/fotocasa-life\/wp-json\/wp\/v2\/posts\/77606\/revisions"}],"wp:featuredmedia":[{"embeddable":true,"href":"https:\/\/www.fotocasa.es\/fotocasa-life\/wp-json\/wp\/v2\/media\/77609"}],"wp:attachment":[{"href":"https:\/\/www.fotocasa.es\/fotocasa-life\/wp-json\/wp\/v2\/media?parent=77606"}],"wp:term":[{"taxonomy":"category","embeddable":true,"href":"https:\/\/www.fotocasa.es\/fotocasa-life\/wp-json\/wp\/v2\/categories?post=77606"},{"taxonomy":"post_tag","embeddable":true,"href":"https:\/\/www.fotocasa.es\/fotocasa-life\/wp-json\/wp\/v2\/tags?post=77606"}],"curies":[{"name":"wp","href":"https:\/\/api.w.org\/{rel}","templated":true}]}}