{"id":77435,"date":"2022-11-23T10:00:57","date_gmt":"2022-11-23T09:00:57","guid":{"rendered":"https:\/\/www.fotocasa.es\/fotocasa-life\/?p=77435"},"modified":"2023-02-08T08:45:49","modified_gmt":"2023-02-08T07:45:49","slug":"un-81-de-los-particulares-buscar-alquilar-y-solamente-un-16-oferta-pisos-en-alquiler","status":"publish","type":"post","link":"https:\/\/www.fotocasa.es\/fotocasa-life\/alquiler\/un-81-de-los-particulares-buscar-alquilar-y-solamente-un-16-oferta-pisos-en-alquiler\/","title":{"rendered":"Un 81% de los particulares busca alquilar y solamente un 16% oferta pisos en alquiler"},"content":{"rendered":"<p><span style=\"font-weight: 400;\"><strong>2 de cada 10 particulares mayores de 18 a\u00f1os en Espa\u00f1a han realizado alguna acci\u00f3n en el mercado del alquiler en el \u00faltimo a\u00f1o<\/strong>. Este porcentaje apunta a una ligera <a href=\"https:\/\/www.fotocasa.es\/fotocasa-life\/sector\/el-alquiler-vuelve-a-ganarle-terreno-a-la-compra-de-vivienda-el-46-quiere-alquilar-frente-al-44-que-busca-comprar\/\"><strong>tendencia al alza en la participaci\u00f3n en el alquiler con respecto a los datos de febrero de 2022<\/strong><\/a>. As\u00ed, entonces eran un 16% los particulares que estaban actuando \u2014bien en el lado de la oferta, bien en el de la demanda o bien en ambos lados\u2014 en el alquiler. Esta es una de las principales que se extraen del informe \u201c<\/span><b>Experiencia<\/b> <b>en alquiler en 2022<\/b><span style=\"font-weight: 400;\">\u201d realizado por el portal inmobiliario <\/span><span style=\"font-weight: 400;\">Fotocasa<\/span><span style=\"font-weight: 400;\">.\u00a0<\/span><\/p>\n<h2><span style=\"font-weight: 400;\">Menos propietarios alquilan; m\u00e1s buscan sin encontrar\u00a0<\/span><\/h2>\n<p><span style=\"font-weight: 400;\">De manera desagregada, ese 18% de particulares que participa en el mercado del alquiler se reparte entre un 16% de particulares que buscan alquiler y un 3% que ofrecen alquiler\u2014el punto porcentual de diferencia se explica por las acciones m\u00faltiples: quienes han actuado tanto en la oferta como en la demanda.<\/span><\/p>\n","protected":false},"excerpt":{"rendered":"<p>Crece el desequilibrio entre la oferta y la demanda en el alquiler: un 81% quiere alquilar frente al 16% que oferta alquiler<\/p>\n","protected":false},"author":182,"featured_media":60676,"comment_status":"open","ping_status":"closed","sticky":false,"template":"","format":"standard","meta":{"_lmt_disableupdate":"yes","_lmt_disable":"","footnotes":""},"categories":[2],"tags":[4212,1859,4875,471,5141,7050],"class_list":["post-77435","post","type-post","status-publish","format-standard","has-post-thumbnail","hentry","category-alquiler","tag-alquilar-piso","tag-alquiler","tag-alquiler-2022","tag-demanda-alquiler","tag-oferta-alquiler","tag-situacion-alquiler"],"modified_by":"Sara","_links":{"self":[{"href":"https:\/\/www.fotocasa.es\/fotocasa-life\/wp-json\/wp\/v2\/posts\/77435","targetHints":{"allow":["GET"]}}],"collection":[{"href":"https:\/\/www.fotocasa.es\/fotocasa-life\/wp-json\/wp\/v2\/posts"}],"about":[{"href":"https:\/\/www.fotocasa.es\/fotocasa-life\/wp-json\/wp\/v2\/types\/post"}],"author":[{"embeddable":true,"href":"https:\/\/www.fotocasa.es\/fotocasa-life\/wp-json\/wp\/v2\/users\/182"}],"replies":[{"embeddable":true,"href":"https:\/\/www.fotocasa.es\/fotocasa-life\/wp-json\/wp\/v2\/comments?post=77435"}],"version-history":[{"count":0,"href":"https:\/\/www.fotocasa.es\/fotocasa-life\/wp-json\/wp\/v2\/posts\/77435\/revisions"}],"wp:featuredmedia":[{"embeddable":true,"href":"https:\/\/www.fotocasa.es\/fotocasa-life\/wp-json\/wp\/v2\/media\/60676"}],"wp:attachment":[{"href":"https:\/\/www.fotocasa.es\/fotocasa-life\/wp-json\/wp\/v2\/media?parent=77435"}],"wp:term":[{"taxonomy":"category","embeddable":true,"href":"https:\/\/www.fotocasa.es\/fotocasa-life\/wp-json\/wp\/v2\/categories?post=77435"},{"taxonomy":"post_tag","embeddable":true,"href":"https:\/\/www.fotocasa.es\/fotocasa-life\/wp-json\/wp\/v2\/tags?post=77435"}],"curies":[{"name":"wp","href":"https:\/\/api.w.org\/{rel}","templated":true}]}}