{"id":7703,"date":"2015-07-20T13:28:45","date_gmt":"2015-07-20T11:28:45","guid":{"rendered":"https:\/\/www.fotocasa.es\/fotocasa-life\/?p=7703"},"modified":"2015-08-12T20:04:15","modified_gmt":"2015-08-12T18:04:15","slug":"el-consumo-de-cemento-en-espana-crece-un-86-en-el-primer-semestre","status":"publish","type":"post","link":"https:\/\/www.fotocasa.es\/fotocasa-life\/compraventa\/el-consumo-de-cemento-en-espana-crece-un-86-en-el-primer-semestre\/","title":{"rendered":"El consumo de cemento en Espa\u00f1a crece un 8,6% en el primer semestre"},"content":{"rendered":"<p>El consumo de cemento en Espa\u00f1a creci\u00f3 un 8,6% en el primer semestre del a\u00f1o, hasta las 5,6 millones de toneladas, 472.616 toneladas m\u00e1s que en el mismo periodo de 2014, seg\u00fan datos de la patronal del sector, Oficemen.<\/p>\n<p>El pasado junio, el consumo de cemento aument\u00f3 un 7,5%, encadenando diez meses consecutivos de crecimiento, y alcanz\u00f3 casi los 1,1 millones de toneladas, 75.632 toneladas m\u00e1s que en el mismo mes del a\u00f1o anterior.<\/p>\n<p>Para el conjunto del a\u00f1o, Oficemen prev\u00e9 que el crecimiento sea del 10% y alcance las 11,8 millones de toneladas, con lo que 2015 ser\u00e1 el <strong><a href=\"https:\/\/www.fotocasa.es\/fotocasa-life\/compraventa\/el-consumo-de-cemento-subio-un-52-en-enero\/\">segundo a\u00f1o consecutivo de crecimiento<\/a><\/strong> tras los seis a\u00f1os de ca\u00eddas registradas durante la crisis.<\/p>\n<p>En este contexto, el presidente de la patronal, Isidoro Miranda, ha afirmado que esta cifra no refleja optimismo sino que muestra la perspectiva de empezar a salir de la crisis. Asimismo, ha se\u00f1alado que las cifras son \u00abmuy peque\u00f1as\u00bb porque es un mercado \u00abrelativamente vol\u00e1til\u00bb.<\/p>\n<p>Seg\u00fan dicen, si se repitiese en 2016 la situaci\u00f3n que se est\u00e1 dando a lo largo de este a\u00f1o, se podr\u00eda obtener una cifra de crecimiento del consumo del cemento de un 13%, si bien estima que de seguir a este ritmo de crecimiento, hasta 2025 o 2030 no ser\u00e1 cuando se alcancen las 20 o 25 millones de toneladas de consumo.<\/p>\n<p>Por otro lado, en cuanto al consumo per c\u00e1pita, desde la agrupaci\u00f3n esperan que se cierre 2015 con un consumo de 243 kilogramos por habitante. Cifra que \u00abser\u00eda pr\u00e1cticamente id\u00e9ntica\u00bb a la de Espa\u00f1a en 1962 y 100 kilogramos por debajo del ratio medio registrado por el conjunto de los pa\u00edses de la Uni\u00f3n Europea, seg\u00fan el director general de Oficemen, Aniceto Zaragoza.<\/p>\n<p>Desde la patronal se insiste en la necesidad de incluir planes de gesti\u00f3n de sequ\u00edas e inundaciones, depuraci\u00f3n, regulaci\u00f3n y distribuci\u00f3n de aguas en el \u00e1mbito hidr\u00e1ulico. Adem\u00e1s, llevar a cabo la adecuaci\u00f3n de la red ferroviaria de mercanc\u00edas, la mejora de las instalaciones portuarias, los accesos a las grandes ciudades y la terminaci\u00f3n del mallado de red, ser\u00edan algunos de los puntos d\u00e9biles a tratar.<\/p>\n<p>Asimismo, desde Oficemen tambi\u00e9n se reclaman mejores condiciones de financiaci\u00f3n y medidas que promuevan la <strong><a href=\"https:\/\/www.fotocasa.es\/fotocasa-life\/reformas\/claves-para-la-rehabilitacion-integral-de-una-vivienda-antigua\/\">rehabilitaci\u00f3n integral de edificios<\/a><\/strong>. Adem\u00e1s, en lo que respecta al \u00e1mbito puramente industrial, la patronal se\u00f1ala que el sector contin\u00faa apostando \u00abclaramente\u00bb por la innovaci\u00f3n y por el desarrollo de aplicaciones que mejoren la vida diaria de las personas.<\/p>\n<p>&nbsp;<\/p>\n","protected":false},"excerpt":{"rendered":"<p>El consumo de cemento en Espa\u00f1a creci\u00f3 un 8,6% en el primer semestre del a\u00f1o, hasta las 5,6 millones de toneladas, 472.616 toneladas m\u00e1s que en el mismo periodo de 2014, seg\u00fan datos de la patronal del sector, Oficemen. El pasado junio, el consumo de cemento aument\u00f3 un 7,5%, encadenando diez meses consecutivos de crecimiento,&#8230;<\/p>\n","protected":false},"author":3,"featured_media":953,"comment_status":"open","ping_status":"open","sticky":false,"template":"","format":"standard","meta":{"_lmt_disableupdate":"yes","_lmt_disable":"","footnotes":""},"categories":[3],"tags":[1072,1377,1378],"class_list":["post-7703","post","type-post","status-publish","format-standard","has-post-thumbnail","hentry","category-compraventa","tag-construccion-de-viviendas","tag-consumo-de-cemento","tag-oficemen"],"modified_by":"Agustina Battioli","_links":{"self":[{"href":"https:\/\/www.fotocasa.es\/fotocasa-life\/wp-json\/wp\/v2\/posts\/7703","targetHints":{"allow":["GET"]}}],"collection":[{"href":"https:\/\/www.fotocasa.es\/fotocasa-life\/wp-json\/wp\/v2\/posts"}],"about":[{"href":"https:\/\/www.fotocasa.es\/fotocasa-life\/wp-json\/wp\/v2\/types\/post"}],"author":[{"embeddable":true,"href":"https:\/\/www.fotocasa.es\/fotocasa-life\/wp-json\/wp\/v2\/users\/3"}],"replies":[{"embeddable":true,"href":"https:\/\/www.fotocasa.es\/fotocasa-life\/wp-json\/wp\/v2\/comments?post=7703"}],"version-history":[{"count":0,"href":"https:\/\/www.fotocasa.es\/fotocasa-life\/wp-json\/wp\/v2\/posts\/7703\/revisions"}],"wp:featuredmedia":[{"embeddable":true,"href":"https:\/\/www.fotocasa.es\/fotocasa-life\/wp-json\/wp\/v2\/media\/953"}],"wp:attachment":[{"href":"https:\/\/www.fotocasa.es\/fotocasa-life\/wp-json\/wp\/v2\/media?parent=7703"}],"wp:term":[{"taxonomy":"category","embeddable":true,"href":"https:\/\/www.fotocasa.es\/fotocasa-life\/wp-json\/wp\/v2\/categories?post=7703"},{"taxonomy":"post_tag","embeddable":true,"href":"https:\/\/www.fotocasa.es\/fotocasa-life\/wp-json\/wp\/v2\/tags?post=7703"}],"curies":[{"name":"wp","href":"https:\/\/api.w.org\/{rel}","templated":true}]}}