{"id":7663,"date":"2015-07-16T13:56:10","date_gmt":"2015-07-16T11:56:10","guid":{"rendered":"https:\/\/www.fotocasa.es\/fotocasa-life\/?p=7663"},"modified":"2020-11-27T11:29:47","modified_gmt":"2020-11-27T10:29:47","slug":"la-inflacion-de-la-eurozona-se-modera-al-02-en-junio","status":"publish","type":"post","link":"https:\/\/www.fotocasa.es\/fotocasa-life\/hipotecas-finanzas\/la-inflacion-de-la-eurozona-se-modera-al-02-en-junio\/","title":{"rendered":"La inflaci\u00f3n de la eurozona se modera al 0,2% en junio"},"content":{"rendered":"<p>La tasa de inflaci\u00f3n de la zona euro se situ\u00f3 en junio en el 0,2% interanual, una d\u00e9cima menos que el mes anterior y lejos del 0,5% de un a\u00f1o antes, seg\u00fan Eurostat.<\/p>\n<p>El debilitamiento de los precios se explica principalmente por el abaratamiento de la <strong><a href=\"https:\/\/www.fotocasa.es\/fotocasa-life\/categoria\/energia\/\" target=\"_blank\" rel=\"noopener noreferrer\">energ\u00eda<\/a><\/strong>, que registr\u00f3 un descenso del 5,1% desde el -4,8% de mayo, mientras los alimentos frescos subieron un 1,9%, dos d\u00e9cimas menos que el mes anterior.<\/p>\n<p>Por su parte, los bienes industriales al margen de la energ\u00eda subieron un 0,3%, frente al 0,2% del mes anterior, mientras los servicios se encarecieron un 1,1% interanual, frente al 1,3% en mayo.\u00a0De este modo, al excluir del c\u00e1lculo del \u00edndice el impacto de la energ\u00eda, la tasa de inflaci\u00f3n interanual de <strong><a href=\"https:\/\/www.fotocasa.es\/fotocasa-life\/hipotecas-finanzas\/los-bancos-de-la-eurozona-relajaron-las-condiciones-de-sus-prestamos\/\" target=\"_blank\" rel=\"noopener noreferrer\">la zona euro<\/a><\/strong> subi\u00f3 un 0,9% en junio, frente al 1% de mayo.<\/p>\n<p>Sin tener en cuenta el precio de la energ\u00eda y de los alimentos frescos, la tasa de inflaci\u00f3n subyacente de la eurozona se situ\u00f3 en el 0,8% en junio, una d\u00e9cima por debajo de la referencia del anterior mes.<\/p>\n<p>Entre los pa\u00edses del euro registraron ca\u00eddas interanuales de precios en junio Chipre (2,1%), Grecia (1,1%), Eslovenia (0,9%), Lituania (0,2%) y Eslovaquia (0,1%), mientras que en Espa\u00f1a se mantuvieron estables.<\/p>\n<p>Por su parte, las subidas de precios m\u00e1s significativas entre los socios del euro las experimentaron Malta (1,1%), Austria (1%), B\u00e9lgica (0,9%) y Portugal (0,8%).<\/p>\n<p>&nbsp;<\/p>\n","protected":false},"excerpt":{"rendered":"<p>La tasa de inflaci\u00f3n de la zona euro se situ\u00f3 en junio en el 0,2% interanual, una d\u00e9cima menos que el mes anterior y lejos del 0,5% de un a\u00f1o antes, seg\u00fan Eurostat. El debilitamiento de los precios se explica principalmente por el abaratamiento de la energ\u00eda, que registr\u00f3 un descenso del 5,1% desde el&#8230;<\/p>\n","protected":false},"author":3,"featured_media":6524,"comment_status":"open","ping_status":"open","sticky":false,"template":"","format":"standard","meta":{"_lmt_disableupdate":"yes","_lmt_disable":"","footnotes":""},"categories":[6],"tags":[1861,285,318,1373,336],"class_list":["post-7663","post","type-post","status-publish","format-standard","has-post-thumbnail","hentry","category-hipotecas-finanzas","tag-energia","tag-eurostat","tag-eurozona","tag-indice-de-precios-de-consumo","tag-inflacion"],"modified_by":"Albert PC","_links":{"self":[{"href":"https:\/\/www.fotocasa.es\/fotocasa-life\/wp-json\/wp\/v2\/posts\/7663","targetHints":{"allow":["GET"]}}],"collection":[{"href":"https:\/\/www.fotocasa.es\/fotocasa-life\/wp-json\/wp\/v2\/posts"}],"about":[{"href":"https:\/\/www.fotocasa.es\/fotocasa-life\/wp-json\/wp\/v2\/types\/post"}],"author":[{"embeddable":true,"href":"https:\/\/www.fotocasa.es\/fotocasa-life\/wp-json\/wp\/v2\/users\/3"}],"replies":[{"embeddable":true,"href":"https:\/\/www.fotocasa.es\/fotocasa-life\/wp-json\/wp\/v2\/comments?post=7663"}],"version-history":[{"count":0,"href":"https:\/\/www.fotocasa.es\/fotocasa-life\/wp-json\/wp\/v2\/posts\/7663\/revisions"}],"wp:featuredmedia":[{"embeddable":true,"href":"https:\/\/www.fotocasa.es\/fotocasa-life\/wp-json\/wp\/v2\/media\/6524"}],"wp:attachment":[{"href":"https:\/\/www.fotocasa.es\/fotocasa-life\/wp-json\/wp\/v2\/media?parent=7663"}],"wp:term":[{"taxonomy":"category","embeddable":true,"href":"https:\/\/www.fotocasa.es\/fotocasa-life\/wp-json\/wp\/v2\/categories?post=7663"},{"taxonomy":"post_tag","embeddable":true,"href":"https:\/\/www.fotocasa.es\/fotocasa-life\/wp-json\/wp\/v2\/tags?post=7663"}],"curies":[{"name":"wp","href":"https:\/\/api.w.org\/{rel}","templated":true}]}}