{"id":76569,"date":"2022-11-04T09:55:51","date_gmt":"2022-11-04T08:55:51","guid":{"rendered":"https:\/\/www.fotocasa.es\/fotocasa-life\/?p=76569"},"modified":"2022-11-02T13:30:14","modified_gmt":"2022-11-02T12:30:14","slug":"6-de-cada-10-de-los-jovenes-preve-comprar-una-vivienda-en-los-proximos-5-anos","status":"publish","type":"post","link":"https:\/\/www.fotocasa.es\/fotocasa-life\/compraventa\/6-de-cada-10-de-los-jovenes-preve-comprar-una-vivienda-en-los-proximos-5-anos\/","title":{"rendered":"6 de cada 10 j\u00f3venes prev\u00e9 comprar una vivienda en los pr\u00f3ximos 5 a\u00f1os"},"content":{"rendered":"<p><span style=\"font-weight: 400;\">La actividad de los j\u00f3venes en el mercado inmobiliario en el \u00faltimo a\u00f1o est\u00e1 marcada por un aumento del inter\u00e9s en la vivienda de propiedad. Ha crecido el porcentaje de los menores de 35 a\u00f1os que han comprado o han intentado comprar, pero, adem\u00e1s, tambi\u00e9n hay un mayor inter\u00e9s en la futura adquisici\u00f3n de una casa por parte de quienes no est\u00e1n buscando vivienda en propiedad ahora mismo. As\u00ed, <\/span><b>seis de cada diez j\u00f3venes que no han realizado acciones de compra en el \u00faltimo a\u00f1o prev\u00e9 hacerlo en un horizonte temporal de cinco a\u00f1os<\/b><span style=\"font-weight: 400;\">. Un dato que ha crecido significativamente en comparaci\u00f3n con 2021: entonces eran un 50% los que se planteaban la compra para m\u00e1s adelante y ahora son el 59%. Esta es una de las principales conclusiones del informe \u201c<\/span><b><i>Los j\u00f3venes y el mercado de la vivienda en 2022<\/i><\/b><span style=\"font-weight: 400;\">\u201d, publicado por el portal inmobiliario <\/span><span style=\"font-weight: 400;\">Fotocasa<\/span><span style=\"font-weight: 400;\">.\u00a0<\/span><\/p>\n<p><span style=\"font-weight: 400;\">De los j\u00f3venes que prev\u00e9n c<a href=\"https:\/\/www.fotocasa.es\/fotocasa-life\/compraventa\/2-de-cada-10-espanoles-quiere-comprar-una-vivienda-en-los-proximos-cinco-anos\/\"><strong>omprar en un plazo no superior a cinco a\u00f1os<\/strong><\/a>, un 23% quiere hacerlo en un plazo de dos a\u00f1os y un 36% se plantea hacer la compra en un plazo que oscila entre los dos y los cinco a\u00f1os.\u00a0 Los que se mueven en un plazo inferior a dos a\u00f1os, adem\u00e1s, crecen de manera estad\u00edsticamente significativa: en 2021 eran el 15% y ahora son el 23%. El segundo grupo, el de los que quieren comprar de dos a cinco a\u00f1os, se mantiene en valores similares a los del pasado a\u00f1o. <\/span><b>Esta situaci\u00f3n refuerza a\u00fan m\u00e1s el hecho de que los j\u00f3venes cada vez apuestan m\u00e1s por la vivienda de compra<\/b><span style=\"font-weight: 400;\">. Progresivamente se est\u00e1 convirtiendo en una prioridad mayoritaria y, preferiblemente, en un horizonte pr\u00f3ximo.<\/span><\/p>\n","protected":false},"excerpt":{"rendered":"<p>Un 23% quiere hacerlo en un plazo de dos a\u00f1os y un 36% se plantea hacer la compra en un plazo que oscila entre los dos y los cinco a\u00f1os<\/p>\n","protected":false},"author":182,"featured_media":76579,"comment_status":"open","ping_status":"closed","sticky":false,"template":"","format":"standard","meta":{"_lmt_disableupdate":"yes","_lmt_disable":"","footnotes":""},"categories":[3],"tags":[3153,2746,4120,5902,6792,6555,6575],"class_list":["post-76569","post","type-post","status-publish","format-standard","has-post-thumbnail","hentry","category-compraventa","tag-comprar-casa","tag-comprar-vivienda","tag-fotocasa-research","tag-jovenes","tag-jovenes-comprar-casa","tag-proyecto-vivienda","tag-proyecto-vivienda-jovenes"],"modified_by":"Agustina Battioli","_links":{"self":[{"href":"https:\/\/www.fotocasa.es\/fotocasa-life\/wp-json\/wp\/v2\/posts\/76569","targetHints":{"allow":["GET"]}}],"collection":[{"href":"https:\/\/www.fotocasa.es\/fotocasa-life\/wp-json\/wp\/v2\/posts"}],"about":[{"href":"https:\/\/www.fotocasa.es\/fotocasa-life\/wp-json\/wp\/v2\/types\/post"}],"author":[{"embeddable":true,"href":"https:\/\/www.fotocasa.es\/fotocasa-life\/wp-json\/wp\/v2\/users\/182"}],"replies":[{"embeddable":true,"href":"https:\/\/www.fotocasa.es\/fotocasa-life\/wp-json\/wp\/v2\/comments?post=76569"}],"version-history":[{"count":0,"href":"https:\/\/www.fotocasa.es\/fotocasa-life\/wp-json\/wp\/v2\/posts\/76569\/revisions"}],"wp:featuredmedia":[{"embeddable":true,"href":"https:\/\/www.fotocasa.es\/fotocasa-life\/wp-json\/wp\/v2\/media\/76579"}],"wp:attachment":[{"href":"https:\/\/www.fotocasa.es\/fotocasa-life\/wp-json\/wp\/v2\/media?parent=76569"}],"wp:term":[{"taxonomy":"category","embeddable":true,"href":"https:\/\/www.fotocasa.es\/fotocasa-life\/wp-json\/wp\/v2\/categories?post=76569"},{"taxonomy":"post_tag","embeddable":true,"href":"https:\/\/www.fotocasa.es\/fotocasa-life\/wp-json\/wp\/v2\/tags?post=76569"}],"curies":[{"name":"wp","href":"https:\/\/api.w.org\/{rel}","templated":true}]}}