{"id":7637,"date":"2015-07-15T10:59:05","date_gmt":"2015-07-15T08:59:05","guid":{"rendered":"https:\/\/www.fotocasa.es\/fotocasa-life\/?p=7637"},"modified":"2022-11-04T15:18:48","modified_gmt":"2022-11-04T14:18:48","slug":"sareb-lanzara-campanas-comerciales-para-impulsar-las-ventas","status":"publish","type":"post","link":"https:\/\/www.fotocasa.es\/fotocasa-life\/compraventa\/sareb-lanzara-campanas-comerciales-para-impulsar-las-ventas\/","title":{"rendered":"Sareb lanzar\u00e1 campa\u00f1as comerciales para impulsar las ventas"},"content":{"rendered":"<p>La <strong>Sociedad de Gesti\u00f3n de Activos Procedentes de la Reestructuraci\u00f3n Bancaria<\/strong> (Sareb) ha decidido lanzar campa\u00f1as comerciales bajo su propio sello (&#8216;Sareb&#8217;) para impulsar la venta de sus activos. El primer paso ser\u00e1 la creaci\u00f3n de un &#8216;microsite&#8217; en el que ofertar\u00e1 2.000 viviendas en la costa, a partir de 46.200 euros.<\/p>\n<p>La entidad, presidida por Jaime Echegoyen, cuenta con lanzar otras campa\u00f1as m\u00e1s adelante para acercar el producto Sareb a los inversores particulares, con la puesta en el mercado de suelos y fincas r\u00fasticas, entre otros.<\/p>\n<p>Y es que Echegoyen ha admitido que la sociedad est\u00e1 comercializando sus activos a un ritmo \u00abun poco lento\u00bb y no podr\u00e1 colocar los 15.000 inmuebles del canal minorista, <strong>previstos inicialmente para 2015<\/strong>.<\/p>\n<p>La estrategia ir\u00e1 acompa\u00f1ada del lanzamiento del sello comercial &#8216;Sareb&#8217;, que actuar\u00e1 a modo de garant\u00eda de la \u00abfiabilidad y oportunidad\u00bb que supone la compra de estos inmuebles, seg\u00fan se\u00f1alan desde la sociedad.<\/p>\n<p>La primera campa\u00f1a, ya en marcha, se articular\u00e1 a trav\u00e9s de la p\u00e1gina <strong>www.tucasaatodacosta.com<\/strong>, con viviendas ubicadas en la Comunidad Valenciana, Baleares, Canarias, Andaluc\u00eda, Cantabria, Galicia y Catalu\u00f1a, y se extender\u00e1 hasta finales de agosto. La comercializaci\u00f3n se realizar\u00e1 a trav\u00e9s de los cuatro servicers que gestionan los activos de Sareb: Altamira, Servihabitat, Solvia y Haya.<\/p>\n<p>Los inmuebles puestos a la venta son pisos y viviendas unifamiliares de 1 a 6 dormitorios y sus precios oscilan entre los 46.200 euros de la vivienda m\u00e1s barata, ubicada en Moncofa (Castell\u00f3n), hasta los 2,8 millones de euros de un chalet de lujo en Pollensa (Mallorca).<\/p>\n<p>&nbsp;<\/p>\n","protected":false},"excerpt":{"rendered":"<p>La Sociedad de Gesti\u00f3n de Activos Procedentes de la Reestructuraci\u00f3n Bancaria (Sareb) ha decidido lanzar campa\u00f1as comerciales bajo su propio sello (&#8216;Sareb&#8217;) para impulsar la venta de sus activos. El primer paso ser\u00e1 la creaci\u00f3n de un &#8216;microsite&#8217; en el que ofertar\u00e1 2.000 viviendas en la costa, a partir de 46.200 euros. La entidad, presidida&#8230;<\/p>\n","protected":false},"author":3,"featured_media":7330,"comment_status":"open","ping_status":"open","sticky":false,"template":"","format":"standard","meta":{"_lmt_disableupdate":"yes","_lmt_disable":"","footnotes":""},"categories":[3],"tags":[1646,1368,974,243],"class_list":["post-7637","post","type-post","status-publish","format-standard","has-post-thumbnail","hentry","category-compraventa","tag-estrategia-sareb-2015","tag-jaime-echegoyen","tag-objetivo-anual-sareb","tag-sareb"],"modified_by":"Daria Miroshnichenko","_links":{"self":[{"href":"https:\/\/www.fotocasa.es\/fotocasa-life\/wp-json\/wp\/v2\/posts\/7637","targetHints":{"allow":["GET"]}}],"collection":[{"href":"https:\/\/www.fotocasa.es\/fotocasa-life\/wp-json\/wp\/v2\/posts"}],"about":[{"href":"https:\/\/www.fotocasa.es\/fotocasa-life\/wp-json\/wp\/v2\/types\/post"}],"author":[{"embeddable":true,"href":"https:\/\/www.fotocasa.es\/fotocasa-life\/wp-json\/wp\/v2\/users\/3"}],"replies":[{"embeddable":true,"href":"https:\/\/www.fotocasa.es\/fotocasa-life\/wp-json\/wp\/v2\/comments?post=7637"}],"version-history":[{"count":0,"href":"https:\/\/www.fotocasa.es\/fotocasa-life\/wp-json\/wp\/v2\/posts\/7637\/revisions"}],"wp:featuredmedia":[{"embeddable":true,"href":"https:\/\/www.fotocasa.es\/fotocasa-life\/wp-json\/wp\/v2\/media\/7330"}],"wp:attachment":[{"href":"https:\/\/www.fotocasa.es\/fotocasa-life\/wp-json\/wp\/v2\/media?parent=7637"}],"wp:term":[{"taxonomy":"category","embeddable":true,"href":"https:\/\/www.fotocasa.es\/fotocasa-life\/wp-json\/wp\/v2\/categories?post=7637"},{"taxonomy":"post_tag","embeddable":true,"href":"https:\/\/www.fotocasa.es\/fotocasa-life\/wp-json\/wp\/v2\/tags?post=7637"}],"curies":[{"name":"wp","href":"https:\/\/api.w.org\/{rel}","templated":true}]}}