{"id":7635,"date":"2015-07-15T10:25:51","date_gmt":"2015-07-15T08:25:51","guid":{"rendered":"https:\/\/www.fotocasa.es\/fotocasa-life\/?p=7635"},"modified":"2020-11-27T11:29:50","modified_gmt":"2020-11-27T10:29:50","slug":"el-precio-de-la-vivienda-cae-un-31-en-el-segundo-trimestre-segun-sociedad-de-tasacion","status":"publish","type":"post","link":"https:\/\/www.fotocasa.es\/fotocasa-life\/compraventa\/el-precio-de-la-vivienda-cae-un-31-en-el-segundo-trimestre-segun-sociedad-de-tasacion\/","title":{"rendered":"El precio de la vivienda cae un 3,1% en el segundo trimestre, seg\u00fan Sociedad de Tasaci\u00f3n"},"content":{"rendered":"<p>El precio medio de la vivienda nueva y usada se situ\u00f3 en 1.284 \u20ac\/m2 en el segundo trimestre de 2015, lo que supone un descenso del 3,1% respecto al mismo periodo de 2014 y una ca\u00edda del 2,4% frente <strong><a href=\"https:\/\/www.fotocasa.es\/fotocasa-life\/compraventa\/el-precio-de-la-vivienda-subio-mas-de-un-3-hasta-marzo-segun-sociedad-de-tasacion\/\">al trimestre anterior<\/a><\/strong>, seg\u00fan datos de Sociedad de Tasaci\u00f3n.<\/p>\n<p>De esta forma, el precio medio acumula un descenso del 46,5% respecto al valor m\u00e1ximo alcanzado en 2007, cuando se situ\u00f3 en 2.401 \u20ac\/m2.<\/p>\n<p>Durante el segundo trimestre, la ca\u00edda del precio es m\u00e1s acusada en las viviendas de calidad baja (9,1%) que en las viviendas de calidad media (2,5%). De hecho, en los <strong><a href=\"https:\/\/www.fotocasa.es\/fotocasa-life\/compraventa\/como-aumentar-el-valor-de-la-vivienda\/\">inmuebles de calidad alta<\/a><\/strong> la bajada ha sido del 1,3%.<\/p>\n<p>El \u00edndice de esfuerzo inmobiliario que elabora <strong><a href=\"http:\/\/www.st-tasacion.es\/es\/inicio.html\" target=\"_blank\" rel=\"noopener noreferrer\">Sociedad de Tasaci\u00f3n<\/a><\/strong> contin\u00faa su tendencia al alza y sube m\u00e1s de dos puntos en un trimestre, hasta los 49,5 puntos. As\u00ed, se coloca muy cerca de la posici\u00f3n neutral de 50 puntos y contin\u00faa el crecimiento progresivo del \u00edndice observado durante los \u00faltimos dos a\u00f1os, desde que registr\u00f3 el m\u00ednimo en el \u00faltimo trimestre de 2012.<\/p>\n<p>La mejora durante los \u00faltimos diez trimestres consecutivos parece confirmar la tendencia hacia una recuperaci\u00f3n de la confianza en la evoluci\u00f3n de la econom\u00eda y de las ventas de inmuebles.<\/p>\n<p>El \u00cdndice de Confianza Inmobiliaria se construye a partir de la opini\u00f3n de m\u00e1s de 600 profesionales sobre aspectos econ\u00f3mico-inmobiliarios de las zonas donde desarrollan su actividad profesional.<\/p>\n","protected":false},"excerpt":{"rendered":"<p>El precio medio de la vivienda nueva y usada se situ\u00f3 en 1.284 \u20ac\/m2 en el segundo trimestre de 2015, lo que supone un descenso del 3,1% respecto al mismo periodo de 2014 y una ca\u00edda del 2,4% frente al trimestre anterior, seg\u00fan datos de Sociedad de Tasaci\u00f3n. De esta forma, el precio medio acumula&#8230;<\/p>\n","protected":false},"author":3,"featured_media":834,"comment_status":"open","ping_status":"open","sticky":false,"template":"","format":"standard","meta":{"_lmt_disableupdate":"yes","_lmt_disable":"","footnotes":""},"categories":[3],"tags":[1245,861,208,308,600],"class_list":["post-7635","post","type-post","status-publish","format-standard","has-post-thumbnail","hentry","category-compraventa","tag-indice-de-confianza-inmobiliaria","tag-indice-de-esfuerzo-inmobiliario","tag-precio-de-la-vivienda-de-segunda-mano","tag-sociedad-de-tasacion","tag-vivienda-nueva"],"modified_by":"Albert PC","_links":{"self":[{"href":"https:\/\/www.fotocasa.es\/fotocasa-life\/wp-json\/wp\/v2\/posts\/7635","targetHints":{"allow":["GET"]}}],"collection":[{"href":"https:\/\/www.fotocasa.es\/fotocasa-life\/wp-json\/wp\/v2\/posts"}],"about":[{"href":"https:\/\/www.fotocasa.es\/fotocasa-life\/wp-json\/wp\/v2\/types\/post"}],"author":[{"embeddable":true,"href":"https:\/\/www.fotocasa.es\/fotocasa-life\/wp-json\/wp\/v2\/users\/3"}],"replies":[{"embeddable":true,"href":"https:\/\/www.fotocasa.es\/fotocasa-life\/wp-json\/wp\/v2\/comments?post=7635"}],"version-history":[{"count":0,"href":"https:\/\/www.fotocasa.es\/fotocasa-life\/wp-json\/wp\/v2\/posts\/7635\/revisions"}],"wp:featuredmedia":[{"embeddable":true,"href":"https:\/\/www.fotocasa.es\/fotocasa-life\/wp-json\/wp\/v2\/media\/834"}],"wp:attachment":[{"href":"https:\/\/www.fotocasa.es\/fotocasa-life\/wp-json\/wp\/v2\/media?parent=7635"}],"wp:term":[{"taxonomy":"category","embeddable":true,"href":"https:\/\/www.fotocasa.es\/fotocasa-life\/wp-json\/wp\/v2\/categories?post=7635"},{"taxonomy":"post_tag","embeddable":true,"href":"https:\/\/www.fotocasa.es\/fotocasa-life\/wp-json\/wp\/v2\/tags?post=7635"}],"curies":[{"name":"wp","href":"https:\/\/api.w.org\/{rel}","templated":true}]}}