{"id":75698,"date":"2022-10-06T09:50:35","date_gmt":"2022-10-06T07:50:35","guid":{"rendered":"https:\/\/www.fotocasa.es\/fotocasa-life\/?p=75698"},"modified":"2022-10-13T15:07:15","modified_gmt":"2022-10-13T13:07:15","slug":"2-de-cada-10-espanoles-quiere-comprar-una-vivienda-en-los-proximos-cinco-anos","status":"publish","type":"post","link":"https:\/\/www.fotocasa.es\/fotocasa-life\/compraventa\/2-de-cada-10-espanoles-quiere-comprar-una-vivienda-en-los-proximos-cinco-anos\/","title":{"rendered":"2 de cada 10 espa\u00f1oles quiere comprar una vivienda en los pr\u00f3ximos cinco a\u00f1os"},"content":{"rendered":"<p><span style=\"font-weight: 400;\">Del conjunto de particulares mayores de 18 a\u00f1os que participan en el mercado de la vivienda, hay un 15% que ha realizado alguna acci\u00f3n de compra en los \u00faltimos doce meses. Es decir, han comprado o intentado comprar una vivienda. Por lo tanto, si hay un 15 % que se ha relacionado con la compra, hay un 85% de particulares que no se han interesado por adquirir un inmueble en propiedad. <\/span><b>Un 22% de las personas que componen este enorme grupo de quienes no est\u00e1n pretendiendo comprar tiene intenci\u00f3n de hacerlo en los pr\u00f3ximos cinco a\u00f1os<\/b><span style=\"font-weight: 400;\">, un porcentaje muy similar al que viene registrando desde la recuperaci\u00f3n poscovid. Esta es una de las principales conclusiones del informe \u201c<\/span><a href=\"https:\/\/www.fotocasa.es\/fotocasa-life\/opinion\/radiografia-de-la-vivienda-presente-y-futuro\/\"><b><i>Radiograf\u00eda del mercado de la vivienda en el segundo semestre de 2022<\/i><\/b><\/a><span style=\"font-weight: 400;\">\u201d, realizado por el portal inmobiliario <\/span><span style=\"font-weight: 400;\">Fotocasa<\/span><span style=\"font-weight: 400;\">.\u00a0<\/span><\/p>\n<p><span style=\"font-weight: 400;\"><strong>Este dato de intencionalidad de compra muestra una tendencia estable a lo largo del \u00faltimo a\u00f1o.<\/strong> Frente al 22% actual, en febrero eran un 21% los inactivos en la compra <\/span><span style=\"font-weight: 400;\">que ten\u00edan esta idea y en agosto de 2021 el 23%. Sin embargo, e igual que suced\u00eda con los datos de registros anteriores, la cifra del pasado mes de agosto es significativamente m\u00e1s alta que la de febrero de 2021. Entonces eran un 18% los que se postulaban como candidatos a la compra de vivienda en un horizonte temporal de cinco a\u00f1os. Si se desglosa este dato de intenci\u00f3n de compra, el resultado es que, de ese 22% que tiene previsto comprar, un 8% planea hacerlo en los pr\u00f3ximos dos a\u00f1os y un 14% en un plazo que oscila entre los dos y cinco a\u00f1os.<\/span><\/p>\n","protected":false},"excerpt":{"rendered":"<p>El perfil del futuro comprador es una mujer de 40 a\u00f1os que vive con su pareja y sus hijos y cuyo nivel socioecon\u00f3mico es alto o medio alto<\/p>\n","protected":false},"author":182,"featured_media":75713,"comment_status":"open","ping_status":"closed","sticky":false,"template":"","format":"standard","meta":{"_lmt_disableupdate":"yes","_lmt_disable":"","footnotes":""},"categories":[3],"tags":[3153,4974,4355,6725],"class_list":["post-75698","post","type-post","status-publish","format-standard","has-post-thumbnail","hentry","category-compraventa","tag-comprar-casa","tag-comprar-casa-en-espana","tag-intencion-de-compra","tag-intencion-de-compra-2022"],"modified_by":"Agustina Battioli","_links":{"self":[{"href":"https:\/\/www.fotocasa.es\/fotocasa-life\/wp-json\/wp\/v2\/posts\/75698","targetHints":{"allow":["GET"]}}],"collection":[{"href":"https:\/\/www.fotocasa.es\/fotocasa-life\/wp-json\/wp\/v2\/posts"}],"about":[{"href":"https:\/\/www.fotocasa.es\/fotocasa-life\/wp-json\/wp\/v2\/types\/post"}],"author":[{"embeddable":true,"href":"https:\/\/www.fotocasa.es\/fotocasa-life\/wp-json\/wp\/v2\/users\/182"}],"replies":[{"embeddable":true,"href":"https:\/\/www.fotocasa.es\/fotocasa-life\/wp-json\/wp\/v2\/comments?post=75698"}],"version-history":[{"count":0,"href":"https:\/\/www.fotocasa.es\/fotocasa-life\/wp-json\/wp\/v2\/posts\/75698\/revisions"}],"wp:featuredmedia":[{"embeddable":true,"href":"https:\/\/www.fotocasa.es\/fotocasa-life\/wp-json\/wp\/v2\/media\/75713"}],"wp:attachment":[{"href":"https:\/\/www.fotocasa.es\/fotocasa-life\/wp-json\/wp\/v2\/media?parent=75698"}],"wp:term":[{"taxonomy":"category","embeddable":true,"href":"https:\/\/www.fotocasa.es\/fotocasa-life\/wp-json\/wp\/v2\/categories?post=75698"},{"taxonomy":"post_tag","embeddable":true,"href":"https:\/\/www.fotocasa.es\/fotocasa-life\/wp-json\/wp\/v2\/tags?post=75698"}],"curies":[{"name":"wp","href":"https:\/\/api.w.org\/{rel}","templated":true}]}}