{"id":75480,"date":"2022-11-03T08:00:47","date_gmt":"2022-11-03T07:00:47","guid":{"rendered":"https:\/\/www.fotocasa.es\/fotocasa-life\/?p=75480"},"modified":"2022-10-11T10:37:49","modified_gmt":"2022-10-11T08:37:49","slug":"las-casa-mas-exclusiva-de-octubre-un-edificio-de-estilo-rustico-industrial-en-el-centro-de-sevilla","status":"publish","type":"post","link":"https:\/\/www.fotocasa.es\/fotocasa-life\/inspiracion\/las-casa-mas-exclusiva-de-octubre-un-edificio-de-estilo-rustico-industrial-en-el-centro-de-sevilla\/","title":{"rendered":"La casa m\u00e1s exclusiva de noviembre: un edificio de estilo r\u00fastico industrial en el centro de Sevilla"},"content":{"rendered":"<p><b>El estilo r\u00fastico industrial est\u00e1 m\u00e1s de moda que nunca<\/b>; de hecho, prestigiosos arquitectos e interioristas de nuestro pa\u00eds se han declarado fans incondicionales de esta nueva corriente decorativa. Por ello, hoy hemos decidido trasladarnos hasta el centro de Sevilla, que es donde se encuentra <a href=\"https:\/\/www.fotocasa.es\/es\/comprar\/vivienda\/sevilla-capital\/aire-acondicionado-terraza\/163774390\/d?from=list\"><b>esta incre\u00edble propiedad<\/b><\/a><b> que, entre otras caracter\u00edsticas, destaca por este estilo, que la hace tan especial<\/b>.<\/p>\n<p>Antes de entrar a analizar las peculiaridades de esta vivienda es importante <b>aclarar qu\u00e9 caracteriza este <\/b><a href=\"https:\/\/www.fotocasa.es\/fotocasa-life\/hogar\/decoracion\/estilo-mediterraneo-moderno-rustico-nordico-industrial-en-que-se-diferencian-estos-estilos-de-casa\/\"><b>estilo de casa<\/b><\/a><b> tan en auge: el r\u00fastico industrial<\/b>. Podr\u00edamos pensar que se trata de una mezcla de ambas corrientes; pero va mucho m\u00e1s all\u00e1.<\/p>\n","protected":false},"excerpt":{"rendered":"<p>Descubre una selecci\u00f3n de las viviendas m\u00e1s exclusivas que se venden en nuestro portal<\/p>\n","protected":false},"author":3,"featured_media":75493,"comment_status":"open","ping_status":"closed","sticky":false,"template":"","format":"standard","meta":{"_lmt_disableupdate":"yes","_lmt_disable":"","footnotes":""},"categories":[2697],"tags":[5645,6674,5268,659,5958],"class_list":["post-75480","post","type-post","status-publish","format-standard","has-post-thumbnail","hentry","category-inspiracion","tag-casa-exclusiva","tag-casa-exclusiva-noviembre","tag-casa-mas-exclusiva","tag-casas-de-lujo","tag-casas-de-lujo-fotocasa"],"modified_by":null,"_links":{"self":[{"href":"https:\/\/www.fotocasa.es\/fotocasa-life\/wp-json\/wp\/v2\/posts\/75480","targetHints":{"allow":["GET"]}}],"collection":[{"href":"https:\/\/www.fotocasa.es\/fotocasa-life\/wp-json\/wp\/v2\/posts"}],"about":[{"href":"https:\/\/www.fotocasa.es\/fotocasa-life\/wp-json\/wp\/v2\/types\/post"}],"author":[{"embeddable":true,"href":"https:\/\/www.fotocasa.es\/fotocasa-life\/wp-json\/wp\/v2\/users\/3"}],"replies":[{"embeddable":true,"href":"https:\/\/www.fotocasa.es\/fotocasa-life\/wp-json\/wp\/v2\/comments?post=75480"}],"version-history":[{"count":0,"href":"https:\/\/www.fotocasa.es\/fotocasa-life\/wp-json\/wp\/v2\/posts\/75480\/revisions"}],"wp:featuredmedia":[{"embeddable":true,"href":"https:\/\/www.fotocasa.es\/fotocasa-life\/wp-json\/wp\/v2\/media\/75493"}],"wp:attachment":[{"href":"https:\/\/www.fotocasa.es\/fotocasa-life\/wp-json\/wp\/v2\/media?parent=75480"}],"wp:term":[{"taxonomy":"category","embeddable":true,"href":"https:\/\/www.fotocasa.es\/fotocasa-life\/wp-json\/wp\/v2\/categories?post=75480"},{"taxonomy":"post_tag","embeddable":true,"href":"https:\/\/www.fotocasa.es\/fotocasa-life\/wp-json\/wp\/v2\/tags?post=75480"}],"curies":[{"name":"wp","href":"https:\/\/api.w.org\/{rel}","templated":true}]}}