{"id":75340,"date":"2023-06-06T09:00:26","date_gmt":"2023-06-06T07:00:26","guid":{"rendered":"https:\/\/www.fotocasa.es\/fotocasa-life\/?p=75340"},"modified":"2025-03-05T07:10:00","modified_gmt":"2025-03-05T06:10:00","slug":"cesion-vivienda-hijos-comodato","status":"publish","type":"post","link":"https:\/\/www.fotocasa.es\/fotocasa-life\/alquiler\/cesion-vivienda-hijos-comodato\/","title":{"rendered":"\u00bfC\u00f3mo alquilar un piso a tus hijos gratis?"},"content":{"rendered":"<p>\u00bfC\u00f3mo alquilar un piso a tus hijos gratis? Debido al elevado precio de la vivienda, tanto en venta como en alquiler, <strong>los j\u00f3venes espa\u00f1oles tienen cada vez m\u00e1s dificultades para independizarse<\/strong>. Y es que la necesidad de contar con ahorros para comprar y los salarios precarios no se lo ponen f\u00e1cil. De hecho, seg\u00fan un informe de Eurostat, <strong>la edad media de emancipaci\u00f3n en Espa\u00f1a es de 29,8 a\u00f1os<\/strong>, mientras que la media europea se sit\u00faa en los 26,4 a\u00f1os.<\/p>\n<p>Muchos padres deciden <a href=\"https:\/\/www.fotocasa.es\/fotocasa-life\/economia\/como-prestar-dinero-a-tu-hijo-para-la-entrada-de-una-casa\/\"><strong>prestar dinero a sus hijos para que puedan hacer frente a la entrada de un piso<\/strong><\/a><strong>, mientras <\/strong>que, en otras ocasiones, deciden ayudar a los j\u00f3venes a abandonar el nido mediante la <strong>cesi\u00f3n gratuita de una vivienda<\/strong>. \u00bfEn qu\u00e9 consiste esta \u00faltima opci\u00f3n? Lo analizamos desde Fotocasa.<\/p>\n<section class=\"mini-posts\"><div class=\"row align-items-center\"><div class=\"col-4 col-md-3 pt-2 pb-2\"><div class=\"mini-posts__image\"><a href=\"https:\/\/www.fotocasa.es\/fotocasa-life\/compraventa\/aumenta-el-porcentaje-de-jovenes-que-alquilan-al-no-poder-comprar-una-vivienda\/\"><img decoding=\"async\" src=\"https:\/\/www.fotocasa.es\/fotocasa-life\/wp-content\/uploads\/2024\/11\/Aumenta-el-porcentaje-de-jovenes-que-alquilan-al-no-poder-comprar-una-vivienda-355x230.jpg\" alt=\"Aumenta el porcentaje de j\u00f3venes que alquilan al no poder comprar una vivienda\" title=\"-\"><\/a><\/div><\/div><div class=\"col-8 col-md-9 pt-2 pb-2\"><h3 class=\"mini-posts__title\"><a href=\"https:\/\/www.fotocasa.es\/fotocasa-life\/compraventa\/aumenta-el-porcentaje-de-jovenes-que-alquilan-al-no-poder-comprar-una-vivienda\/\">Aumenta el porcentaje de j\u00f3venes que alquilan al no poder comprar una vivienda<\/a><\/h3><\/div><\/div><\/section>\n<h2>\u00bfQu\u00e9 es la cesi\u00f3n de vivienda a un hijo y c\u00f3mo funciona?<\/h2>\n<p>La cesi\u00f3n gratuita de la vivienda es el <strong>acto de ceder el derecho de disfrute <\/strong>y de uso de un inmueble a un familiar sin hacerle pagar un alquiler. Esto no conlleva un cambio de titularidad del hogar, puesto que los due\u00f1os de la vivienda siguen siendo, en este caso, los padres. Es decir, se cede el uso y disfrute de la casa, pero no la propiedad.<\/p>\n","protected":false},"excerpt":{"rendered":"<p>Te explicamos todo lo que necesitas saber sobre qu\u00e9 es el comodato, las caracter\u00edsticas de este contrato y sus obligaciones<\/p>\n","protected":false},"author":3,"featured_media":75342,"comment_status":"open","ping_status":"closed","sticky":false,"template":"","format":"standard","meta":{"_lmt_disableupdate":"yes","_lmt_disable":"","footnotes":""},"categories":[2],"tags":[4489,4889,4212,4382,4457,6475,6556,6555,5197,3145],"class_list":["post-75340","post","type-post","status-publish","format-standard","has-post-thumbnail","hentry","category-alquiler","tag-alquilar","tag-alquilar-casa-2022","tag-alquilar-piso","tag-alquilar-vivienda","tag-alquiler-de-vivienda","tag-presupuesto-para-alquilar","tag-proyecto-jovenes","tag-proyecto-vivienda","tag-publicadores","tag-vivienda-familiar"],"modified_by":null,"_links":{"self":[{"href":"https:\/\/www.fotocasa.es\/fotocasa-life\/wp-json\/wp\/v2\/posts\/75340","targetHints":{"allow":["GET"]}}],"collection":[{"href":"https:\/\/www.fotocasa.es\/fotocasa-life\/wp-json\/wp\/v2\/posts"}],"about":[{"href":"https:\/\/www.fotocasa.es\/fotocasa-life\/wp-json\/wp\/v2\/types\/post"}],"author":[{"embeddable":true,"href":"https:\/\/www.fotocasa.es\/fotocasa-life\/wp-json\/wp\/v2\/users\/3"}],"replies":[{"embeddable":true,"href":"https:\/\/www.fotocasa.es\/fotocasa-life\/wp-json\/wp\/v2\/comments?post=75340"}],"version-history":[{"count":0,"href":"https:\/\/www.fotocasa.es\/fotocasa-life\/wp-json\/wp\/v2\/posts\/75340\/revisions"}],"wp:featuredmedia":[{"embeddable":true,"href":"https:\/\/www.fotocasa.es\/fotocasa-life\/wp-json\/wp\/v2\/media\/75342"}],"wp:attachment":[{"href":"https:\/\/www.fotocasa.es\/fotocasa-life\/wp-json\/wp\/v2\/media?parent=75340"}],"wp:term":[{"taxonomy":"category","embeddable":true,"href":"https:\/\/www.fotocasa.es\/fotocasa-life\/wp-json\/wp\/v2\/categories?post=75340"},{"taxonomy":"post_tag","embeddable":true,"href":"https:\/\/www.fotocasa.es\/fotocasa-life\/wp-json\/wp\/v2\/tags?post=75340"}],"curies":[{"name":"wp","href":"https:\/\/api.w.org\/{rel}","templated":true}]}}