{"id":75112,"date":"2022-09-22T11:49:10","date_gmt":"2022-09-22T09:49:10","guid":{"rendered":"https:\/\/www.fotocasa.es\/fotocasa-life\/?p=75112"},"modified":"2022-09-22T12:41:06","modified_gmt":"2022-09-22T10:41:06","slug":"la-vuelta-del-comprador-de-viviendas-extranjero-a-espana","status":"publish","type":"post","link":"https:\/\/www.fotocasa.es\/fotocasa-life\/opinion\/la-vuelta-del-comprador-de-viviendas-extranjero-a-espana\/","title":{"rendered":"La vuelta del comprador de viviendas extranjero a Espa\u00f1a"},"content":{"rendered":"<p>Hace dos a\u00f1os y medio el <a href=\"https:\/\/www.fotocasa.es\/fotocasa-life\/sector\/entrevista-a-maria-matos-sobre-el-mercado-inmobiliario-actual\/\"><strong>mercado inmobiliario espa\u00f1ol<\/strong><\/a>, especialmente el residencial, se vio bruscamente afectado por la pandemia. <strong>La crisis sanitaria llego\u0301 en el momento en que el ciclo inmobiliario se encontraba en una fase de madurez,<\/strong> con indicadores que denotaban una desaceleraci\u00f3n tras un periodo de evoluci\u00f3n positiva iniciado en el a\u00f1o 2014.<\/p>\n<p>Las autoridades espa\u00f1olas adoptaron medidas muy estrictas para combatir la pandemia, lo que caus\u00f3 una parada dr\u00e1stica del mercado inmobiliario. El primer confinamiento fue a mediados de marzo del 2020 durante el cual \u00edbamos observando estupefactos el impacto que el microsc\u00f3pico virus ten\u00eda sobre la poblaci\u00f3n mundial. Poco a poco <strong>los pa\u00edses iban cerrando sus fronteras y consecuentemente la afluencia de los compradores extranjeros fue casi nula.<\/strong><\/p>\n<p>Durante <strong>las primeras semanas la parada del mercado inmobiliario residencial en todo el pa\u00eds fue total.<\/strong> Pero pronto algunas inmobiliarias, principalmente las que trabajaban con el mercado internacional, comenzaron, gracias a la tecnolog\u00eda (firmas digitales, <a href=\"https:\/\/www.fotocasa.es\/fotocasa-life\/innovacion\/tours-virtuales-para-inmobiliarias-vienen-para-quedarse\/\"><strong>tours virtuales<\/strong><\/a>, videollamadas, etc.), a <strong><a href=\"https:\/\/www.fotocasa.es\/es\/vender-piso\">vender inmuebles<\/a> de forma totalmente virtual a aquellos extranjeros que supieron ver una oportunidad all\u00ed donde otros preve\u00edan una cat\u00e1strofe duradera.<\/strong> Gracias al levantamiento parcial de las restricciones, aquel mismo verano la actividad inmobiliaria ya comenz\u00f3 a recuperarse.<\/p>\n","protected":false},"excerpt":{"rendered":"<p>Hace dos a\u00f1os y medio el mercado inmobiliario espa\u00f1ol, especialmente el residencial, se vio bruscamente afectado por la pandemia. La crisis sanitaria llego\u0301 en el momento en que el ciclo inmobiliario se encontraba en una fase de madurez, con indicadores que denotaban una desaceleraci\u00f3n tras un periodo de evoluci\u00f3n positiva iniciado en el a\u00f1o 2014&#8230;.<\/p>\n","protected":false},"author":210,"featured_media":75114,"comment_status":"open","ping_status":"closed","sticky":false,"template":"","format":"standard","meta":{"_lmt_disableupdate":"yes","_lmt_disable":"","footnotes":""},"categories":[4284],"tags":[2292,703,5616,5014,5836,2134,5835],"class_list":["post-75112","post","type-post","status-publish","format-standard","has-post-thumbnail","hentry","category-opinion","tag-aumento-de-las-compraventas","tag-compradores-extranjeros","tag-comprar-vivienda-2022","tag-extranjero","tag-extranjeros-compra-vivienda","tag-inversion-extranjera","tag-inversion-vivienda"],"modified_by":"srv.es.fc-zt-dg@adevinta.com","_links":{"self":[{"href":"https:\/\/www.fotocasa.es\/fotocasa-life\/wp-json\/wp\/v2\/posts\/75112","targetHints":{"allow":["GET"]}}],"collection":[{"href":"https:\/\/www.fotocasa.es\/fotocasa-life\/wp-json\/wp\/v2\/posts"}],"about":[{"href":"https:\/\/www.fotocasa.es\/fotocasa-life\/wp-json\/wp\/v2\/types\/post"}],"author":[{"embeddable":true,"href":"https:\/\/www.fotocasa.es\/fotocasa-life\/wp-json\/wp\/v2\/users\/210"}],"replies":[{"embeddable":true,"href":"https:\/\/www.fotocasa.es\/fotocasa-life\/wp-json\/wp\/v2\/comments?post=75112"}],"version-history":[{"count":0,"href":"https:\/\/www.fotocasa.es\/fotocasa-life\/wp-json\/wp\/v2\/posts\/75112\/revisions"}],"wp:featuredmedia":[{"embeddable":true,"href":"https:\/\/www.fotocasa.es\/fotocasa-life\/wp-json\/wp\/v2\/media\/75114"}],"wp:attachment":[{"href":"https:\/\/www.fotocasa.es\/fotocasa-life\/wp-json\/wp\/v2\/media?parent=75112"}],"wp:term":[{"taxonomy":"category","embeddable":true,"href":"https:\/\/www.fotocasa.es\/fotocasa-life\/wp-json\/wp\/v2\/categories?post=75112"},{"taxonomy":"post_tag","embeddable":true,"href":"https:\/\/www.fotocasa.es\/fotocasa-life\/wp-json\/wp\/v2\/tags?post=75112"}],"curies":[{"name":"wp","href":"https:\/\/api.w.org\/{rel}","templated":true}]}}