{"id":74601,"date":"2022-09-08T08:30:48","date_gmt":"2022-09-08T06:30:48","guid":{"rendered":"https:\/\/www.fotocasa.es\/fotocasa-life\/?p=74601"},"modified":"2023-11-13T17:22:17","modified_gmt":"2023-11-13T16:22:17","slug":"6-de-cada-10-jovenes-de-entre-18-y-34-anos-han-intentado-emanciparse-pero-no-han-encontrado-una-vivienda-acorde-con-su-presupuesto","status":"publish","type":"post","link":"https:\/\/www.fotocasa.es\/fotocasa-life\/compraventa\/6-de-cada-10-jovenes-de-entre-18-y-34-anos-han-intentado-emanciparse-pero-no-han-encontrado-una-vivienda-acorde-con-su-presupuesto\/","title":{"rendered":"6 de cada 10 j\u00f3venes han intentado emanciparse pero no han encontrado vivienda acorde con su presupuesto"},"content":{"rendered":"<p>Espa\u00f1a presenta un <b>problema social de acceso a la vivienda, especialmente entre los j\u00f3venes y los colectivos m\u00e1s vulnerables<\/b>. Sin embargo, en los \u00faltimos a\u00f1os el Gobierno est\u00e1 llevando a cabo todo tipo de iniciativas para intentar paliar la situaci\u00f3n.<\/p>\n<p>Si bien es cierto que <a href=\"https:\/\/www.fotocasa.es\/fotocasa-life\/compraventa\/los-jovenes-menores-de-35-anos-los-nuevos-protagonistas-del-mercado-inmobiliario\/\"><b>los j\u00f3venes menores de 35 a\u00f1os son los nuevos protagonistas del mercado inmobiliario<\/b><\/a><b> (de hecho, un 30% ha participado en el mercado de la compraventa en 2022)<\/b>, este colectivo se enfrenta a un panorama complicado, que analizamos a continuaci\u00f3n.<\/p>\n<h2><b>Perfil laboral y econ\u00f3mico de los j\u00f3venes en Espa\u00f1a\u00a0<\/b><\/h2>\n<p>Las Naciones Unidas definen el concepto de \u201c<b>personas j\u00f3venes\u201d como las que se encuentran en el intervalo de 15 a 24 a\u00f1os<\/b>, una franja de edad crucial a la hora de delimitar el futuro acad\u00e9mico y profesional de este colectivo.<\/p>\n","protected":false},"excerpt":{"rendered":"<p>En 2020 la edad media de emancipaci\u00f3n de los j\u00f3venes espa\u00f1oles era de casi 30 a\u00f1os, 3,4 a\u00f1os superior a la media europea, que se sit\u00faa en 26,4 a\u00f1os<\/p>\n","protected":false},"author":3,"featured_media":74611,"comment_status":"open","ping_status":"closed","sticky":false,"template":"","format":"standard","meta":{"_lmt_disableupdate":"yes","_lmt_disable":"","footnotes":""},"categories":[3],"tags":[6535,5755,6534,4307,4893,6556,6555],"class_list":["post-74601","post","type-post","status-publish","format-standard","has-post-thumbnail","hentry","category-compraventa","tag-acceso-jovenes-vivienda","tag-acceso-vivienda","tag-ayudas-gobierno-vivienda","tag-jovenes-y-vivienda","tag-plan-estatal-de-vivienda-2022-2025","tag-proyecto-jovenes","tag-proyecto-vivienda"],"modified_by":"Agustina Battioli","_links":{"self":[{"href":"https:\/\/www.fotocasa.es\/fotocasa-life\/wp-json\/wp\/v2\/posts\/74601","targetHints":{"allow":["GET"]}}],"collection":[{"href":"https:\/\/www.fotocasa.es\/fotocasa-life\/wp-json\/wp\/v2\/posts"}],"about":[{"href":"https:\/\/www.fotocasa.es\/fotocasa-life\/wp-json\/wp\/v2\/types\/post"}],"author":[{"embeddable":true,"href":"https:\/\/www.fotocasa.es\/fotocasa-life\/wp-json\/wp\/v2\/users\/3"}],"replies":[{"embeddable":true,"href":"https:\/\/www.fotocasa.es\/fotocasa-life\/wp-json\/wp\/v2\/comments?post=74601"}],"version-history":[{"count":0,"href":"https:\/\/www.fotocasa.es\/fotocasa-life\/wp-json\/wp\/v2\/posts\/74601\/revisions"}],"wp:featuredmedia":[{"embeddable":true,"href":"https:\/\/www.fotocasa.es\/fotocasa-life\/wp-json\/wp\/v2\/media\/74611"}],"wp:attachment":[{"href":"https:\/\/www.fotocasa.es\/fotocasa-life\/wp-json\/wp\/v2\/media?parent=74601"}],"wp:term":[{"taxonomy":"category","embeddable":true,"href":"https:\/\/www.fotocasa.es\/fotocasa-life\/wp-json\/wp\/v2\/categories?post=74601"},{"taxonomy":"post_tag","embeddable":true,"href":"https:\/\/www.fotocasa.es\/fotocasa-life\/wp-json\/wp\/v2\/tags?post=74601"}],"curies":[{"name":"wp","href":"https:\/\/api.w.org\/{rel}","templated":true}]}}