{"id":74584,"date":"2022-09-08T15:55:22","date_gmt":"2022-09-08T13:55:22","guid":{"rendered":"https:\/\/www.fotocasa.es\/fotocasa-life\/?p=74584"},"modified":"2022-09-08T15:58:51","modified_gmt":"2022-09-08T13:58:51","slug":"la-subida-de-tipos-del-bce-encarecera-entre-1-400-y-3-400-euros-anuales-las-hipotecas-variables","status":"publish","type":"post","link":"https:\/\/www.fotocasa.es\/fotocasa-life\/hipotecas-finanzas\/la-subida-de-tipos-del-bce-encarecera-entre-1-400-y-3-400-euros-anuales-las-hipotecas-variables\/","title":{"rendered":"La subida de tipos del BCE encarecer\u00e1 entre 1.400 y 3.400 euros anuales las hipotecas variables"},"content":{"rendered":"<p><span style=\"font-weight: 400;\">El Banco Central Europeo se ha visto obligado a elegir entre estanflaci\u00f3n o recesi\u00f3n despu\u00e9s de que la inflaci\u00f3n haya batido un nuevo r\u00e9cord en Europa alcanzando el 9,1% en agosto, y haya superado los dos d\u00edgitos en Espa\u00f1a (10,4%). <strong>Tras <a href=\"https:\/\/www.fotocasa.es\/fotocasa-life\/economia\/el-banco-central-europeo-sube-los-tipos-de-interes-en-50-puntos-basicos-despues-de-11-anos\/\">la primera subida de tipos de 50 puntos b\u00e1sicos<\/a>, llega la segunda de 75 puntos, <\/strong><\/span><span style=\"font-weight: 400;\">que tendr\u00e1 un impacto directo en el consumo y muy particularmente en los pr\u00e9stamos hipotecarios. A partir de ahora, los ciudadanos con hipotecas variables tendr\u00e1n que afrontar un gasto de entre 124 y 288 euros m\u00e1s al mes, lo que supone de 1.400 &#8211; 3.400 euros a mayores al a\u00f1o. Un incremento del 28% interanual, seg\u00fan la estimaci\u00f3n del an\u00e1lisis \u201c<\/span><b><i>Impacto de la subida de tipos en el mercado de la vivienda<\/i><\/b><span style=\"font-weight: 400;\">\u201d realizado por <\/span><span style=\"font-weight: 400;\">Fotocasa<\/span><span style=\"font-weight: 400;\">.\u00a0<\/span><\/p>\n<p><span style=\"font-weight: 400;\"><strong><a href=\"https:\/\/www.fotocasa.es\/fotocasa-life\/economia\/subida-de-tipos-de-interes-en-espana\/\">El impacto m\u00e1s inmediato ser\u00e1 para los cr\u00e9ditos hipotecarios a tipo variable<\/a>, ya que la mayor\u00eda de ellos est\u00e1n referenciados al Eur\u00edbor<\/strong> y este \u00edndice lleva en positivo desde el mes de abril, acerc\u00e1ndose cada vez m\u00e1s al 1,5% mensual. Tras esta subida de septiembre, los ciudadanos a quienes les toque revisi\u00f3n en el mes de octubre o en adelante ver\u00e1n como su cuota se ha incrementado con respecto al a\u00f1o pasado, y tambi\u00e9n con respecto a hace 6 a\u00f1os -desde febrero de 2006, el Eur\u00edbor se encontraba en negativo.\u00a0<\/span><\/p>\n<h2><span style=\"font-weight: 400;\">Comparativa valor Eur\u00edbor agosto 2021 (-0,498%) con agosto 2022 (1,249%) *<\/span><\/h2>\n","protected":false},"excerpt":{"rendered":"<p>El Banco Central Europeo se ha visto obligado a elegir entre estanflaci\u00f3n o recesi\u00f3n despu\u00e9s de que la inflaci\u00f3n haya batido un nuevo r\u00e9cord en Europa alcanzando el 9,1% en agosto, y haya superado los dos d\u00edgitos en Espa\u00f1a (10,4%). Tras la primera subida de tipos de 50 puntos b\u00e1sicos, llega la segunda de 75&#8230;<\/p>\n","protected":false},"author":182,"featured_media":74585,"comment_status":"open","ping_status":"closed","sticky":false,"template":"","format":"standard","meta":{"_lmt_disableupdate":"yes","_lmt_disable":"","footnotes":""},"categories":[6],"tags":[6290,323,1862,6288,6289,466],"class_list":["post-74584","post","type-post","status-publish","format-standard","has-post-thumbnail","hentry","category-hipotecas-finanzas","tag-banco-central-europeo","tag-bce","tag-hipotecas","tag-subida-de-tipos","tag-subida-tipos-bce","tag-tipos-de-interes"],"modified_by":"Agustina Battioli","_links":{"self":[{"href":"https:\/\/www.fotocasa.es\/fotocasa-life\/wp-json\/wp\/v2\/posts\/74584","targetHints":{"allow":["GET"]}}],"collection":[{"href":"https:\/\/www.fotocasa.es\/fotocasa-life\/wp-json\/wp\/v2\/posts"}],"about":[{"href":"https:\/\/www.fotocasa.es\/fotocasa-life\/wp-json\/wp\/v2\/types\/post"}],"author":[{"embeddable":true,"href":"https:\/\/www.fotocasa.es\/fotocasa-life\/wp-json\/wp\/v2\/users\/182"}],"replies":[{"embeddable":true,"href":"https:\/\/www.fotocasa.es\/fotocasa-life\/wp-json\/wp\/v2\/comments?post=74584"}],"version-history":[{"count":0,"href":"https:\/\/www.fotocasa.es\/fotocasa-life\/wp-json\/wp\/v2\/posts\/74584\/revisions"}],"wp:featuredmedia":[{"embeddable":true,"href":"https:\/\/www.fotocasa.es\/fotocasa-life\/wp-json\/wp\/v2\/media\/74585"}],"wp:attachment":[{"href":"https:\/\/www.fotocasa.es\/fotocasa-life\/wp-json\/wp\/v2\/media?parent=74584"}],"wp:term":[{"taxonomy":"category","embeddable":true,"href":"https:\/\/www.fotocasa.es\/fotocasa-life\/wp-json\/wp\/v2\/categories?post=74584"},{"taxonomy":"post_tag","embeddable":true,"href":"https:\/\/www.fotocasa.es\/fotocasa-life\/wp-json\/wp\/v2\/tags?post=74584"}],"curies":[{"name":"wp","href":"https:\/\/api.w.org\/{rel}","templated":true}]}}