{"id":74496,"date":"2023-10-24T07:15:03","date_gmt":"2023-10-24T05:15:03","guid":{"rendered":"https:\/\/www.fotocasa.es\/fotocasa-life\/?p=74496"},"modified":"2024-10-08T07:15:00","modified_gmt":"2024-10-08T05:15:00","slug":"cuales-son-los-meses-en-los-que-se-venden-mas-viviendas-en-espana","status":"publish","type":"post","link":"https:\/\/www.fotocasa.es\/fotocasa-life\/compraventa\/cuales-son-los-meses-en-los-que-se-venden-mas-viviendas-en-espana\/","title":{"rendered":"\u00bfEn qu\u00e9 meses se venden m\u00e1s viviendas en Espa\u00f1a?"},"content":{"rendered":"<p><span style=\"font-weight: 400;\">A trav\u00e9s de los informes mensuales proporcionados por el <strong><a href=\"https:\/\/www.ine.es\/jaxiT3\/Tabla.htm?t=6150&amp;L=0\" target=\"_blank\" rel=\"noopener\">Instituto Nacional de Estad\u00edstica (INE<\/a><\/strong>), se puede realizar un seguimiento sobre la evoluci\u00f3n del n\u00famero de compraventas cerradas a lo largo del a\u00f1o. <\/span><\/p>\n<p><span style=\"font-weight: 400;\">Estos datos revelan claramente per\u00edodos de mayor y menor actividad en el mercado inmobiliario espa\u00f1ol. De hecho, despu\u00e9s de la pandemia y la posterior recuperaci\u00f3n, <\/span><span style=\"font-weight: 400;\">2022 tuvo el mejor inicio de a\u00f1o en 14 a\u00f1os<\/span><span style=\"font-weight: 400;\">. Sin embargo, <strong><a href=\"https:\/\/www.fotocasa.es\/fotocasa-life\/vender-piso\/8-aspectos-que-debes-tener-en-cuenta-antes-de-decidirte-a-vender-un-piso\/\">vender un piso<\/a> en 2023 y 2024<\/strong> ha planteado desaf\u00edos adicionales debido a la inflaci\u00f3n general y el aumento de los tipos de inter\u00e9s. <\/span><\/p>\n<p><span style=\"font-weight: 400;\">En medio de esta situaci\u00f3n, surge la pregunta: <\/span><b>\u00bfcu\u00e1ndo se han vendido m\u00e1s viviendas en lo que va de a\u00f1o?<\/b><span style=\"font-weight: 400;\"> \u00bfQu\u00e9 meses son los mejores para vender vivienda? \u00a1Atento!<\/span><\/p>\n<section class=\"mini-posts\"><div class=\"row align-items-center\"><div class=\"col-4 col-md-3 pt-2 pb-2\"><div class=\"mini-posts__image\"><a href=\"https:\/\/www.fotocasa.es\/fotocasa-life\/?post_type=free-ebook&amp;p=65987\"><img decoding=\"async\" src=\"https:\/\/www.fotocasa.es\/fotocasa-life\/wp-content\/uploads\/2021\/11\/ebook-como-vender-rapido.png\" alt=\"Ebook - C\u00f3mo vender tu piso r\u00e1pido\" title=\"-\"><\/a><\/div><\/div><div class=\"col-8 col-md-9 pt-2 pb-2\"><h3 class=\"mini-posts__title\"><a href=\"https:\/\/www.fotocasa.es\/fotocasa-life\/?post_type=free-ebook&amp;p=65987\">Ebook - C\u00f3mo vender tu piso r\u00e1pido<\/a><\/h3><\/div><\/div><\/section>\n<h2><b>\u00bfEn qu\u00e9 momento del a\u00f1o se venden m\u00e1s viviendas?<\/b><\/h2>\n<p><span style=\"font-weight: 400;\">En los \u00faltimos quince a\u00f1os, los datos del INE indican que <\/span><b>enero ha sido el mes en el que se han registrado m\u00e1s ventas de vivienda<\/b><span style=\"font-weight: 400;\">, aunque mayo tambi\u00e9n ha sido un buen mes a lo largo de estos a\u00f1os. Esta tendencia se ha mantenido constante en varios a\u00f1os, como:<\/span><\/p>\n","protected":false},"excerpt":{"rendered":"<p>Desde Fotocasa analizamos las compraventas registradas por el INE para conocer cu\u00e1les son los meses m\u00e1s fuertes del a\u00f1o. \u00bfQu\u00e9 ocurrir\u00e1 en los siguientes meses?<\/p>\n","protected":false},"author":152,"featured_media":91865,"comment_status":"open","ping_status":"closed","sticky":false,"template":"","format":"standard","meta":{"_lmt_disableupdate":"yes","_lmt_disable":"","footnotes":""},"categories":[3],"tags":[6515,6746,5197,6745,6514],"class_list":["post-74496","post","type-post","status-publish","format-standard","has-post-thumbnail","hentry","category-compraventa","tag-meses-vender-vivienda","tag-preparar-piso-para-vender","tag-publicadores","tag-quiero-vender-mi-piso","tag-venta-vivienda"],"modified_by":null,"_links":{"self":[{"href":"https:\/\/www.fotocasa.es\/fotocasa-life\/wp-json\/wp\/v2\/posts\/74496","targetHints":{"allow":["GET"]}}],"collection":[{"href":"https:\/\/www.fotocasa.es\/fotocasa-life\/wp-json\/wp\/v2\/posts"}],"about":[{"href":"https:\/\/www.fotocasa.es\/fotocasa-life\/wp-json\/wp\/v2\/types\/post"}],"author":[{"embeddable":true,"href":"https:\/\/www.fotocasa.es\/fotocasa-life\/wp-json\/wp\/v2\/users\/152"}],"replies":[{"embeddable":true,"href":"https:\/\/www.fotocasa.es\/fotocasa-life\/wp-json\/wp\/v2\/comments?post=74496"}],"version-history":[{"count":0,"href":"https:\/\/www.fotocasa.es\/fotocasa-life\/wp-json\/wp\/v2\/posts\/74496\/revisions"}],"wp:featuredmedia":[{"embeddable":true,"href":"https:\/\/www.fotocasa.es\/fotocasa-life\/wp-json\/wp\/v2\/media\/91865"}],"wp:attachment":[{"href":"https:\/\/www.fotocasa.es\/fotocasa-life\/wp-json\/wp\/v2\/media?parent=74496"}],"wp:term":[{"taxonomy":"category","embeddable":true,"href":"https:\/\/www.fotocasa.es\/fotocasa-life\/wp-json\/wp\/v2\/categories?post=74496"},{"taxonomy":"post_tag","embeddable":true,"href":"https:\/\/www.fotocasa.es\/fotocasa-life\/wp-json\/wp\/v2\/tags?post=74496"}],"curies":[{"name":"wp","href":"https:\/\/api.w.org\/{rel}","templated":true}]}}