{"id":74415,"date":"2022-09-01T16:00:46","date_gmt":"2022-09-01T14:00:46","guid":{"rendered":"https:\/\/www.fotocasa.es\/fotocasa-life\/?p=74415"},"modified":"2023-11-13T17:26:18","modified_gmt":"2023-11-13T16:26:18","slug":"6-imprescindibles-que-debes-buscar-antes-de-firmar-el-contrato-de-alquiler","status":"publish","type":"post","link":"https:\/\/www.fotocasa.es\/fotocasa-life\/alquiler\/6-imprescindibles-que-debes-buscar-antes-de-firmar-el-contrato-de-alquiler\/","title":{"rendered":"6 imprescindibles que debes buscar antes de firmar el contrato de alquiler"},"content":{"rendered":"<p><a href=\"https:\/\/www.fotocasa.es\/fotocasa-life\/comprar-piso\/en-espana-nos-gusta-mas-la-propiedad-que-vivir-de-alquiler-y-vivimos-mas-en-pisos-que-en-casas\/\"><b>En Espa\u00f1a nos gusta m\u00e1s la propiedad que el alquiler<\/b><\/a>; de hecho siempre ha sido un pa\u00eds de propietarios y, probablemente, lo seguir\u00e1 siendo. <b>La vivienda se sigue percibiendo como un valor refugio en nuestro pa\u00eds<\/b> y, de hecho, es uno de los principales motores de nuestra econom\u00eda.<\/p>\n<p>Sin embargo, seg\u00fan el informe de <a href=\"https:\/\/research.fotocasa.es\/\" target=\"_blank\" rel=\"noopener\"><b>Fotocasa Research<\/b><\/a><b> \u201cRadiograf\u00eda del mercado de la vivienda 2021-2022\u201d<\/b> elaborado por el portal inmobiliario Fotocasa con la intenci\u00f3n de conocer en qu\u00e9 punto se encuentra el mercado de la vivienda tras dos a\u00f1os de pandemia, <b>el 23% de los ciudadanos espa\u00f1oles sigue viviendo de alquiler<\/b>.<\/p>\n","protected":false},"excerpt":{"rendered":"<p>En Espa\u00f1a nos gusta m\u00e1s la propiedad que el alquiler; de hecho siempre ha sido un pa\u00eds de propietarios y, probablemente, lo seguir\u00e1 siendo. La vivienda se sigue percibiendo como un valor refugio en nuestro pa\u00eds y, de hecho, es uno de los principales motores de nuestra econom\u00eda. Sin embargo, seg\u00fan el informe de Fotocasa&#8230;<\/p>\n","protected":false},"author":3,"featured_media":74427,"comment_status":"open","ping_status":"closed","sticky":false,"template":"","format":"standard","meta":{"_lmt_disableupdate":"yes","_lmt_disable":"","footnotes":""},"categories":[2],"tags":[6500,6499,5548,6501,6498],"class_list":["post-74415","post","type-post","status-publish","format-standard","has-post-thumbnail","hentry","category-alquiler","tag-clausula-contrato-alquiler-animales","tag-clausulas-contrato-alquiler","tag-contrato-alquiler","tag-contrato-arrendamiento","tag-contrato-de-alquiler-de-vivienda"],"modified_by":"Agustina Battioli","_links":{"self":[{"href":"https:\/\/www.fotocasa.es\/fotocasa-life\/wp-json\/wp\/v2\/posts\/74415","targetHints":{"allow":["GET"]}}],"collection":[{"href":"https:\/\/www.fotocasa.es\/fotocasa-life\/wp-json\/wp\/v2\/posts"}],"about":[{"href":"https:\/\/www.fotocasa.es\/fotocasa-life\/wp-json\/wp\/v2\/types\/post"}],"author":[{"embeddable":true,"href":"https:\/\/www.fotocasa.es\/fotocasa-life\/wp-json\/wp\/v2\/users\/3"}],"replies":[{"embeddable":true,"href":"https:\/\/www.fotocasa.es\/fotocasa-life\/wp-json\/wp\/v2\/comments?post=74415"}],"version-history":[{"count":0,"href":"https:\/\/www.fotocasa.es\/fotocasa-life\/wp-json\/wp\/v2\/posts\/74415\/revisions"}],"wp:featuredmedia":[{"embeddable":true,"href":"https:\/\/www.fotocasa.es\/fotocasa-life\/wp-json\/wp\/v2\/media\/74427"}],"wp:attachment":[{"href":"https:\/\/www.fotocasa.es\/fotocasa-life\/wp-json\/wp\/v2\/media?parent=74415"}],"wp:term":[{"taxonomy":"category","embeddable":true,"href":"https:\/\/www.fotocasa.es\/fotocasa-life\/wp-json\/wp\/v2\/categories?post=74415"},{"taxonomy":"post_tag","embeddable":true,"href":"https:\/\/www.fotocasa.es\/fotocasa-life\/wp-json\/wp\/v2\/tags?post=74415"}],"curies":[{"name":"wp","href":"https:\/\/api.w.org\/{rel}","templated":true}]}}