{"id":7397,"date":"2015-06-24T12:37:23","date_gmt":"2015-06-24T10:37:23","guid":{"rendered":"https:\/\/www.fotocasa.es\/fotocasa-life\/?p=7397"},"modified":"2022-11-04T15:09:02","modified_gmt":"2022-11-04T14:09:02","slug":"muchas-fincas-no-estan-inscritas-en-el-registro-de-la-propiedad-segun-los-expertos","status":"publish","type":"post","link":"https:\/\/www.fotocasa.es\/fotocasa-life\/compraventa\/muchas-fincas-no-estan-inscritas-en-el-registro-de-la-propiedad-segun-los-expertos\/","title":{"rendered":"Muchas fincas no est\u00e1n inscritas en el Registro de la Propiedad, seg\u00fan los expertos"},"content":{"rendered":"<p>La <strong><a href=\"https:\/\/www.geometra-experto.com\/\" target=\"_blank\" rel=\"noopener noreferrer\">Asociaci\u00f3n Espa\u00f1ola de Ge\u00f3metras Expertos<\/a><\/strong> (Aegex) denuncia que una parte importante de las fincas que hay en Espa\u00f1a a\u00fan no est\u00e1n inscritas en el Registro de la Propiedad, mientras que se da la circunstancia que se puede ser propietario de inmuebles que ni siquiera existen.<\/p>\n<p>Desde Aegex se denuncia la existencia de este grado de inseguridad jur\u00eddica a prop\u00f3sito de la reciente remisi\u00f3n de la nueva <strong><a href=\"https:\/\/www.fotocasa.es\/fotocasa-life\/hipotecas\/luz-verde-a-la-reforma-de-la-ley-hipotecaria-y-del-catastro\/\">Ley Hipotecaria y del Catastro<\/a><\/strong> al Congreso de los Diputados para su aprobaci\u00f3n definitiva.<\/p>\n<p>En su opini\u00f3n, este problema de inseguridad jur\u00eddica no se resuelve con la norma porque se mantiene la \u00abinadecuada descripci\u00f3n de las propiedades\u00bb.<\/p>\n<p>Seg\u00fan Aegex, la nueva ley mantiene el vigente esquema de desvinculaci\u00f3n entre el Catastro y los diferentes <strong><a href=\"https:\/\/www.fotocasa.es\/fotocasa-life\/compraventa\/10-preguntas-y-respuestas-sobre-el-registro-de-la-propiedad\/\">Registros de la Propiedad<\/a><\/strong>, los notarios y la Administraci\u00f3n P\u00fablica.<\/p>\n<p>\u00abSe ha perdido la oportunidad de impulsar la inclusi\u00f3n de la definici\u00f3n geom\u00e9trica y georreferenciada, de forma rigurosa, fiable y precisa, de los bienes inmuebles en la generaci\u00f3n de t\u00edtulos, que permitir\u00eda acabar con la aleatoriedad existente en el marco jur\u00eddico-administrativo actual\u00bb, sentencia la asociaci\u00f3n.<\/p>\n<p>&nbsp;<\/p>\n","protected":false},"excerpt":{"rendered":"<p>La Asociaci\u00f3n Espa\u00f1ola de Ge\u00f3metras Expertos (Aegex) denuncia que una parte importante de las fincas que hay en Espa\u00f1a a\u00fan no est\u00e1n inscritas en el Registro de la Propiedad, mientras que se da la circunstancia que se puede ser propietario de inmuebles que ni siquiera existen. Desde Aegex se denuncia la existencia de este grado&#8230;<\/p>\n","protected":false},"author":3,"featured_media":6064,"comment_status":"open","ping_status":"open","sticky":false,"template":"","format":"standard","meta":{"_lmt_disableupdate":"yes","_lmt_disable":"","footnotes":""},"categories":[3],"tags":[169,1740,1485,756],"class_list":["post-7397","post","type-post","status-publish","format-standard","has-post-thumbnail","hentry","category-compraventa","tag-legal","tag-ley-hipotecaria","tag-registrar-una-vivienda","tag-registro-de-la-propiedad"],"modified_by":"Daria Miroshnichenko","_links":{"self":[{"href":"https:\/\/www.fotocasa.es\/fotocasa-life\/wp-json\/wp\/v2\/posts\/7397","targetHints":{"allow":["GET"]}}],"collection":[{"href":"https:\/\/www.fotocasa.es\/fotocasa-life\/wp-json\/wp\/v2\/posts"}],"about":[{"href":"https:\/\/www.fotocasa.es\/fotocasa-life\/wp-json\/wp\/v2\/types\/post"}],"author":[{"embeddable":true,"href":"https:\/\/www.fotocasa.es\/fotocasa-life\/wp-json\/wp\/v2\/users\/3"}],"replies":[{"embeddable":true,"href":"https:\/\/www.fotocasa.es\/fotocasa-life\/wp-json\/wp\/v2\/comments?post=7397"}],"version-history":[{"count":0,"href":"https:\/\/www.fotocasa.es\/fotocasa-life\/wp-json\/wp\/v2\/posts\/7397\/revisions"}],"wp:featuredmedia":[{"embeddable":true,"href":"https:\/\/www.fotocasa.es\/fotocasa-life\/wp-json\/wp\/v2\/media\/6064"}],"wp:attachment":[{"href":"https:\/\/www.fotocasa.es\/fotocasa-life\/wp-json\/wp\/v2\/media?parent=7397"}],"wp:term":[{"taxonomy":"category","embeddable":true,"href":"https:\/\/www.fotocasa.es\/fotocasa-life\/wp-json\/wp\/v2\/categories?post=7397"},{"taxonomy":"post_tag","embeddable":true,"href":"https:\/\/www.fotocasa.es\/fotocasa-life\/wp-json\/wp\/v2\/tags?post=7397"}],"curies":[{"name":"wp","href":"https:\/\/api.w.org\/{rel}","templated":true}]}}