{"id":7328,"date":"2015-06-17T10:13:33","date_gmt":"2015-06-17T08:13:33","guid":{"rendered":"https:\/\/www.fotocasa.es\/fotocasa-life\/?p=7328"},"modified":"2022-11-04T15:19:49","modified_gmt":"2022-11-04T14:19:49","slug":"sareb-vende-4-462-viviendas-hasta-mayo","status":"publish","type":"post","link":"https:\/\/www.fotocasa.es\/fotocasa-life\/compraventa\/sareb-vende-4-462-viviendas-hasta-mayo\/","title":{"rendered":"Sareb vende 4.462 viviendas hasta mayo"},"content":{"rendered":"<p>La <strong>Sociedad de gesti\u00f3n de activos procedentes de la reestructuraci\u00f3n bancaria<\/strong> (Sareb) ha comercializado, entre enero y mayo de 2015, 4.462 unidades inmobiliarias, una media de 30 diarias.<\/p>\n<p>As\u00ed lo explic\u00f3 el presidente de Sareb, Jaime Echegoyen, en el VII Foro Inmobiliario de JLL. \u00abEl viento sopla a favor del conjunto del sector\u00bb, asegur\u00f3 Echegoyen, pese a que el ritmo de venta de unidades inmobiliarias en lo que va de 2015 es inferior al del mismo periodo de 2014.<\/p>\n<p>\u00abNo tenemos dinero, pero tenemos tiempo por delante y un mont\u00f3n de activos que hay que refinanciar para que lleguen a buen t\u00e9rmino\u00bb, indic\u00f3. Adem\u00e1s, a\u00f1adi\u00f3 que se han alcanzado 780 acuerdos con pymes.<\/p>\n<p>Como balance, Echegoyen se\u00f1al\u00f3 que Sareb ya <strong><a href=\"https:\/\/www.fotocasa.es\/fotocasa-life\/compraventa\/sareb-espera-vender-mas-de-15-000-inmuebles-en-2015\/\">ha vendido hasta el momento 24.000 inmuebles<\/a><\/strong>, ha amortizado 5.700 millones de euros de deuda y ha pagado 2.400 millones de intereses en dos a\u00f1os.<\/p>\n<p>&nbsp;<\/p>\n<p><strong>19 promociones en Catalu\u00f1a<\/strong><\/p>\n<p>Sobre Catalu\u00f1a, el presidente ha asegurado que es un \u00abpunto clave\u00bb de la actividad de Sareb, ya que representa el 33% de los ingresos obtenidos y en esta comunidad tiene en marcha 19 promociones, lo que se traduce en 284 viviendas -en el conjunto de Espa\u00f1a son 51 promociones y 1.000 viviendas-.<\/p>\n<p>Adem\u00e1s, ayer por la tarde la Sareb firm\u00f3 con esta comunidad una ampliaci\u00f3n del convenio por el que en 2014 Sareb <strong><a href=\"https:\/\/www.fotocasa.es\/fotocasa-life\/alquiler\/la-sareb-cede-600-pisos-la-generalitat-de-cataluna-para-alquiler-social\/\">cedi\u00f3 600 viviendas a alquiler social<\/a><\/strong>, y a\u00f1adi\u00f3 300 m\u00e1s, llegando a 900.<\/p>\n<p>Sareb cuenta con un parque social de 2.000 viviendas a disposici\u00f3n de las comunidades aut\u00f3nomas, y ya ha firmado convenios con Arag\u00f3n y Galicia (adem\u00e1s de con Catalu\u00f1a) y est\u00e1 en conversaciones con otras autonom\u00edas: \u00abSomos conscientes de la dificultad social y de que hay un mont\u00f3n de gente desasistida\u00bb.<\/p>\n<p>&nbsp;<\/p>\n","protected":false},"excerpt":{"rendered":"<p>La Sociedad de gesti\u00f3n de activos procedentes de la reestructuraci\u00f3n bancaria (Sareb) ha comercializado, entre enero y mayo de 2015, 4.462 unidades inmobiliarias, una media de 30 diarias. As\u00ed lo explic\u00f3 el presidente de Sareb, Jaime Echegoyen, en el VII Foro Inmobiliario de JLL. \u00abEl viento sopla a favor del conjunto del sector\u00bb, asegur\u00f3 Echegoyen,&#8230;<\/p>\n","protected":false},"author":3,"featured_media":7330,"comment_status":"open","ping_status":"open","sticky":false,"template":"","format":"standard","meta":{"_lmt_disableupdate":"yes","_lmt_disable":"","footnotes":""},"categories":[3],"tags":[975,1646,1368,243,245],"class_list":["post-7328","post","type-post","status-publish","format-standard","has-post-thumbnail","hentry","category-compraventa","tag-cartera-sareb","tag-estrategia-sareb-2015","tag-jaime-echegoyen","tag-sareb","tag-sector-inmobiliario"],"modified_by":"Daria Miroshnichenko","_links":{"self":[{"href":"https:\/\/www.fotocasa.es\/fotocasa-life\/wp-json\/wp\/v2\/posts\/7328","targetHints":{"allow":["GET"]}}],"collection":[{"href":"https:\/\/www.fotocasa.es\/fotocasa-life\/wp-json\/wp\/v2\/posts"}],"about":[{"href":"https:\/\/www.fotocasa.es\/fotocasa-life\/wp-json\/wp\/v2\/types\/post"}],"author":[{"embeddable":true,"href":"https:\/\/www.fotocasa.es\/fotocasa-life\/wp-json\/wp\/v2\/users\/3"}],"replies":[{"embeddable":true,"href":"https:\/\/www.fotocasa.es\/fotocasa-life\/wp-json\/wp\/v2\/comments?post=7328"}],"version-history":[{"count":0,"href":"https:\/\/www.fotocasa.es\/fotocasa-life\/wp-json\/wp\/v2\/posts\/7328\/revisions"}],"wp:featuredmedia":[{"embeddable":true,"href":"https:\/\/www.fotocasa.es\/fotocasa-life\/wp-json\/wp\/v2\/media\/7330"}],"wp:attachment":[{"href":"https:\/\/www.fotocasa.es\/fotocasa-life\/wp-json\/wp\/v2\/media?parent=7328"}],"wp:term":[{"taxonomy":"category","embeddable":true,"href":"https:\/\/www.fotocasa.es\/fotocasa-life\/wp-json\/wp\/v2\/categories?post=7328"},{"taxonomy":"post_tag","embeddable":true,"href":"https:\/\/www.fotocasa.es\/fotocasa-life\/wp-json\/wp\/v2\/tags?post=7328"}],"curies":[{"name":"wp","href":"https:\/\/api.w.org\/{rel}","templated":true}]}}