{"id":7319,"date":"2015-06-16T15:18:20","date_gmt":"2015-06-16T13:18:20","guid":{"rendered":"https:\/\/www.fotocasa.es\/fotocasa-life\/?p=7319"},"modified":"2020-11-27T11:30:04","modified_gmt":"2020-11-27T10:30:04","slug":"ocu-lanza-una-campana-contra-los-abusos-bancarios","status":"publish","type":"post","link":"https:\/\/www.fotocasa.es\/fotocasa-life\/hipotecas-finanzas\/ocu-lanza-una-campana-contra-los-abusos-bancarios\/","title":{"rendered":"OCU lanza una campa\u00f1a contra los \u00ababusos bancarios\u00bb"},"content":{"rendered":"<p>La organizaci\u00f3n de consumidores OCU ha anunciado el lanzamiento de una campa\u00f1a contra los \u00ababusos bancarios\u00bb centrada, especialmente, en preferentes, <strong><a href=\"https:\/\/www.fotocasa.es\/fotocasa-life\/hipotecas-finanzas\/catalunyacaixa-dejara-de-aplicar-las-clausulas-suelo-en-sus-hipotecas\/\" target=\"_blank\" rel=\"noopener noreferrer\">cl\u00e1usulas suelo<\/a><\/strong>, hipotecas multidivisas o pr\u00e9stamos hipotecarios referenciados al IRPH.<\/p>\n<p>En un comunicado, la <strong><a href=\"https:\/\/www.ocu.org\" target=\"_blank\" rel=\"noopener noreferrer\">OCU<\/a><\/strong> ha se\u00f1alado que existe \u00abun n\u00famero significativo de afectados\u00bb, por lo que cree conveniente organizar jornadas informativas en las algunas de las principales ciudades espa\u00f1olas para informar a los usuarios de sus posibilidades de defensa. A su juicio, estos y otros productos similares \u00abno han sido comercializados con informaci\u00f3n suficiente ni adecuada a los consumidores\u00bb.<\/p>\n<p>En el marco de esta campa\u00f1a, que se extender\u00e1 hasta septiembre, la OCU pretende facilitar las reclamaciones por la v\u00eda judicial <strong><a href=\"https:\/\/www.fotocasa.es\/fotocasa-life\/hipotecas-finanzas\/la-ocu-lanza-una-campana-para-que-los-afectados-por-las-clausulas-suelo-recuperen-su-dinero\/\">contra las cl\u00e1usulas suelo<\/a><\/strong> con el objetivo de conseguir su nulidad, adem\u00e1s de ayudar a los accionistas de Bankia afectados por la salida a Bolsa del banco en 2011.<\/p>\n<p>As\u00ed, recuerda que \u00abes posible demandar a la entidad aunque haya pasado el d\u00eda 24 de mayo\u00bb, tomado en un principio como referencia por ser la fecha en la que se hizo p\u00fablica la reformulaci\u00f3n de cuentas de Bankia. \u00abSin embargo, hay otras interpretaciones posibles y los afectados a\u00fan pueden estar a tiempo de recuperar su dinero\u00bb, indica la OCU.<\/p>\n<p>La asociaci\u00f3n tambi\u00e9n se centrar\u00e1 en los casos de hipotecas referenciadas a IRPH e hipotecas multidivisa que, aunque menos conocidos, tambi\u00e9n afectan a miles de consumidores.<\/p>\n<p>&nbsp;<\/p>\n","protected":false},"excerpt":{"rendered":"<p>La organizaci\u00f3n de consumidores OCU ha anunciado el lanzamiento de una campa\u00f1a contra los \u00ababusos bancarios\u00bb centrada, especialmente, en preferentes, cl\u00e1usulas suelo, hipotecas multidivisas o pr\u00e9stamos hipotecarios referenciados al IRPH. En un comunicado, la OCU ha se\u00f1alado que existe \u00abun n\u00famero significativo de afectados\u00bb, por lo que cree conveniente organizar jornadas informativas en las algunas&#8230;<\/p>\n","protected":false},"author":3,"featured_media":979,"comment_status":"open","ping_status":"open","sticky":false,"template":"","format":"standard","meta":{"_lmt_disableupdate":"yes","_lmt_disable":"","footnotes":""},"categories":[6],"tags":[46,47,1771,1772,184],"class_list":["post-7319","post","type-post","status-publish","format-standard","has-post-thumbnail","hentry","category-hipotecas-finanzas","tag-clausulas-abusivas","tag-clausulas-suelo","tag-hipoteca-multidivisas","tag-hipotecas-referenciadas-a-irph","tag-ocu"],"modified_by":"Albert PC","_links":{"self":[{"href":"https:\/\/www.fotocasa.es\/fotocasa-life\/wp-json\/wp\/v2\/posts\/7319","targetHints":{"allow":["GET"]}}],"collection":[{"href":"https:\/\/www.fotocasa.es\/fotocasa-life\/wp-json\/wp\/v2\/posts"}],"about":[{"href":"https:\/\/www.fotocasa.es\/fotocasa-life\/wp-json\/wp\/v2\/types\/post"}],"author":[{"embeddable":true,"href":"https:\/\/www.fotocasa.es\/fotocasa-life\/wp-json\/wp\/v2\/users\/3"}],"replies":[{"embeddable":true,"href":"https:\/\/www.fotocasa.es\/fotocasa-life\/wp-json\/wp\/v2\/comments?post=7319"}],"version-history":[{"count":0,"href":"https:\/\/www.fotocasa.es\/fotocasa-life\/wp-json\/wp\/v2\/posts\/7319\/revisions"}],"wp:featuredmedia":[{"embeddable":true,"href":"https:\/\/www.fotocasa.es\/fotocasa-life\/wp-json\/wp\/v2\/media\/979"}],"wp:attachment":[{"href":"https:\/\/www.fotocasa.es\/fotocasa-life\/wp-json\/wp\/v2\/media?parent=7319"}],"wp:term":[{"taxonomy":"category","embeddable":true,"href":"https:\/\/www.fotocasa.es\/fotocasa-life\/wp-json\/wp\/v2\/categories?post=7319"},{"taxonomy":"post_tag","embeddable":true,"href":"https:\/\/www.fotocasa.es\/fotocasa-life\/wp-json\/wp\/v2\/tags?post=7319"}],"curies":[{"name":"wp","href":"https:\/\/api.w.org\/{rel}","templated":true}]}}