{"id":7301,"date":"2015-06-15T14:20:12","date_gmt":"2015-06-15T12:20:12","guid":{"rendered":"https:\/\/www.fotocasa.es\/fotocasa-life\/?p=7301"},"modified":"2020-11-27T11:30:06","modified_gmt":"2020-11-27T10:30:06","slug":"catalunyacaixa-dejara-de-aplicar-las-clausulas-suelo-en-sus-hipotecas","status":"publish","type":"post","link":"https:\/\/www.fotocasa.es\/fotocasa-life\/hipotecas-finanzas\/catalunyacaixa-dejara-de-aplicar-las-clausulas-suelo-en-sus-hipotecas\/","title":{"rendered":"CatalunyaCaixa dejar\u00e1 de aplicar las cl\u00e1usulas suelo en sus hipotecas"},"content":{"rendered":"<p>CatalunyaCaixa dejar\u00e1 de aplicar voluntariamente la <strong><a href=\"https:\/\/www.fotocasa.es\/fotocasa-life\/hipotecas-finanzas\/los-acogidos-a-segunda-oportunidad-se-liberaran-de-clausulas-suelo-si-cumplen-el-codigo-de-buenas-practicas\/\">cl\u00e1usula suelo<\/a><\/strong> de sus hipotecas sobre vivienda, cuya titularidad econ\u00f3mica mantenga la entidad, a partir del 1 de julio. Esta medida beneficiar\u00e1 a m\u00e1s de 40.000 operaciones, seg\u00fan ha informado la entidad a la Comisi\u00f3n Nacional del Mercado de Valores (CNMV).<\/p>\n<p>A partir del 1 de julio, la entidad comunicar\u00e1 individualmente a los clientes beneficiados el impacto que la medida supondr\u00e1 para la cuota que paga de <strong><a href=\"https:\/\/www.fotocasa.es\/fotocasa-life\/hipotecas-finanzas\/el-diferencial-medio-hipotecario-baja-del-2-por-primera-vez-en-casi-40-meses\/\">pr\u00e9stamo hipotecario<\/a><\/strong>. En cuanto a las nuevas hipotecas, CatalunyaCaixa ha recordado que desde abril de 2013 no incluye estas cl\u00e1usulas suelo en los pr\u00e9stamos hipotecarios.<\/p>\n<p>La entidad calcula que, con la actual cotizaci\u00f3n del <strong><a href=\"https:\/\/www.fotocasa.es\/fotocasa-life\/hipotecas-finanzas\/el-euribor-cerro-mayo-en-el-minimo-historico-del-0165\/\">Eur\u00edbor<\/a><\/strong> a un a\u00f1o, la aplicaci\u00f3n de esta medida recortar\u00e1 su beneficio neto en el mes de julio en 2,3 millones de euros. En meses posteriores, el impacto depender\u00e1 de la evoluci\u00f3n del Eur\u00edbor a un a\u00f1o.<\/p>\n<p>&nbsp;<\/p>\n","protected":false},"excerpt":{"rendered":"<p>CatalunyaCaixa dejar\u00e1 de aplicar voluntariamente la cl\u00e1usula suelo de sus hipotecas sobre vivienda, cuya titularidad econ\u00f3mica mantenga la entidad, a partir del 1 de julio. Esta medida beneficiar\u00e1 a m\u00e1s de 40.000 operaciones, seg\u00fan ha informado la entidad a la Comisi\u00f3n Nacional del Mercado de Valores (CNMV). A partir del 1 de julio, la entidad&#8230;<\/p>\n","protected":false},"author":3,"featured_media":981,"comment_status":"open","ping_status":"open","sticky":false,"template":"","format":"standard","meta":{"_lmt_disableupdate":"yes","_lmt_disable":"","footnotes":""},"categories":[6],"tags":[47,136,1862],"class_list":["post-7301","post","type-post","status-publish","format-standard","has-post-thumbnail","hentry","category-hipotecas-finanzas","tag-clausulas-suelo","tag-euribor","tag-hipotecas"],"modified_by":"Albert PC","_links":{"self":[{"href":"https:\/\/www.fotocasa.es\/fotocasa-life\/wp-json\/wp\/v2\/posts\/7301","targetHints":{"allow":["GET"]}}],"collection":[{"href":"https:\/\/www.fotocasa.es\/fotocasa-life\/wp-json\/wp\/v2\/posts"}],"about":[{"href":"https:\/\/www.fotocasa.es\/fotocasa-life\/wp-json\/wp\/v2\/types\/post"}],"author":[{"embeddable":true,"href":"https:\/\/www.fotocasa.es\/fotocasa-life\/wp-json\/wp\/v2\/users\/3"}],"replies":[{"embeddable":true,"href":"https:\/\/www.fotocasa.es\/fotocasa-life\/wp-json\/wp\/v2\/comments?post=7301"}],"version-history":[{"count":0,"href":"https:\/\/www.fotocasa.es\/fotocasa-life\/wp-json\/wp\/v2\/posts\/7301\/revisions"}],"wp:featuredmedia":[{"embeddable":true,"href":"https:\/\/www.fotocasa.es\/fotocasa-life\/wp-json\/wp\/v2\/media\/981"}],"wp:attachment":[{"href":"https:\/\/www.fotocasa.es\/fotocasa-life\/wp-json\/wp\/v2\/media?parent=7301"}],"wp:term":[{"taxonomy":"category","embeddable":true,"href":"https:\/\/www.fotocasa.es\/fotocasa-life\/wp-json\/wp\/v2\/categories?post=7301"},{"taxonomy":"post_tag","embeddable":true,"href":"https:\/\/www.fotocasa.es\/fotocasa-life\/wp-json\/wp\/v2\/tags?post=7301"}],"curies":[{"name":"wp","href":"https:\/\/api.w.org\/{rel}","templated":true}]}}