{"id":7244,"date":"2015-06-09T16:48:42","date_gmt":"2015-06-09T14:48:42","guid":{"rendered":"https:\/\/www.fotocasa.es\/fotocasa-life\/?p=7244"},"modified":"2020-11-27T11:30:09","modified_gmt":"2020-11-27T10:30:09","slug":"cual-es-la-legislacion-para-los-sistemas-de-control-de-accesos","status":"publish","type":"post","link":"https:\/\/www.fotocasa.es\/fotocasa-life\/seguridad\/cual-es-la-legislacion-para-los-sistemas-de-control-de-accesos\/","title":{"rendered":"\u00bfCu\u00e1l es la legislaci\u00f3n para los sistemas de control de accesos?"},"content":{"rendered":"<p>Hace unos d\u00edas habl\u00e1bamos de las ventajas que ofrecen los <strong><a href=\"https:\/\/www.fotocasa.es\/fotocasa-life\/seguridad\/control-de-accesos-para-comunidades-de-propietarios\/\">sistemas de control de accesos<\/a><\/strong> para garantizar la seguridad en las comunidades de propietarios, pero \u00bfcu\u00e1l es la legislaci\u00f3n vigente para la instalaci\u00f3n de este tipo de sistemas de seguridad?<\/p>\n<p>Dentro de las comunidades de propietarios, hay instalaciones\/servicios con una nutrida legislaci\u00f3n aplicable, por ejemplo: ascensores, sistemas de protecci\u00f3n contra incendios, puertas de garaje, eficiencia energ\u00e9tica, infraestructuras comunes de telecomunicaciones, televisi\u00f3n digital terrestre\u2026 Los <strong><a href=\"https:\/\/www.prevent.es\/servicios-de-seguridad\/control-de-accesos\/control-de-accesos-para-comunidades-de-vecinos\" target=\"_blank\" rel=\"noopener noreferrer\">sistemas de control de accesos<\/a><\/strong> no son una excepci\u00f3n.<\/p>\n<p>La nueva Orden Ministerial INT-316-2011 del Ministerio del Interior, enmarcada dentro de la Ley de Seguridad Privada 5\/2014, de 4 de abril, desarrolla que los sistemas de control de accesos deben ser dise\u00f1ados seg\u00fan la norma UNE-EN 50133-2-1, que identifica y regula este tipo de sistemas como <strong><a href=\"https:\/\/www.prevent.es\/seguridad-en-comunidades\/soluciones-en-seguridad\" target=\"_blank\" rel=\"noopener noreferrer\">sistema de seguridad<\/a><\/strong>, pudiendo estar conectado a una <strong><a href=\"https:\/\/www.prevent.es\/servicios-de-seguridad\/alarma\/empresa\/central-receptora-de-alarmas\" target=\"_blank\" rel=\"noopener noreferrer\">central receptora de alarmas<\/a><\/strong>.<\/p>\n<p>Adicionalmente y al generar un fichero con datos de car\u00e1cter personal (nombre y apellidos del usuario, tel\u00e9fono, direcci\u00f3n\u2026), <strong>se aplica la Ley Org\u00e1nica de Protecci\u00f3n de Datos<\/strong>, que establece, entre otras obligaciones para el responsable del fichero:<\/p>\n<p>&#8211; Inscribir el fichero en el Registro General de Protecci\u00f3n de Datos<br \/>\n&#8211; Elaborar el Documento de Seguridad<br \/>\n&#8211; Garantizar el cumplimiento de los deberes de secreto y seguridad<br \/>\n&#8211; Informar a los usuarios en la recogida de los datos personales, asegur\u00e1ndose de que estos sean obtenidos l\u00edcita y leg\u00edtimamente y tratados de modo proporcional a la finalidad para la que fueron recabados<br \/>\n&#8211; Realizar copias de respaldo y de recuperaci\u00f3n de los datos<\/p>\n<p>Para su instalaci\u00f3n, tal y como indica la L.P.H. &#8211; EDL 1960\/55, <strong>ser\u00e1 necesaria la adopci\u00f3n de acuerdo por 3\/5 partes de las cuotas de participaci\u00f3n<\/strong>:<\/p>\n<p>\u201cEl establecimiento o supresi\u00f3n de los servicios de ascensor, porter\u00eda, conserjer\u00eda, vigilancia u otros <strong>servicios comunes de inter\u00e9s general<\/strong>, requerir\u00e1 el voto favorable de las tres quintas partes del total de los propietarios que, a su vez, representen las tres quintas partes de las cuotas de participaci\u00f3n\u201d<\/p>\n<p>Por lo tanto, y a modo de resumen, en la instalaci\u00f3n y mantenimiento de un sistema de control de accesos, convergen las siguientes normativas:<\/p>\n<p>\u2022 Ley de Propiedad Horizontal. Ley 8\/1999, de 6 de abril, de Reforma de la Ley 49\/1960<br \/>\n\u2022 Ley Org\u00e1nica 15\/1999, de 13 de diciembre<br \/>\n\u2022 Ley de Seguridad Privada 5\/2014, de 4 de abril<br \/>\n\u2022 UNE-EN 50133-2-1<\/p>\n<p>&nbsp;<\/p>\n","protected":false},"excerpt":{"rendered":"<p>Hace unos d\u00edas habl\u00e1bamos de las ventajas que ofrecen los sistemas de control de accesos para garantizar la seguridad en las comunidades de propietarios, pero \u00bfcu\u00e1l es la legislaci\u00f3n vigente para la instalaci\u00f3n de este tipo de sistemas de seguridad? Dentro de las comunidades de propietarios, hay instalaciones\/servicios con una nutrida legislaci\u00f3n aplicable, por ejemplo:&#8230;<\/p>\n","protected":false},"author":20,"featured_media":6984,"comment_status":"open","ping_status":"open","sticky":false,"template":"","format":"standard","meta":{"_lmt_disableupdate":"yes","_lmt_disable":"","footnotes":""},"categories":[1445],"tags":[169,1348,1706,1707],"class_list":["post-7244","post","type-post","status-publish","format-standard","has-post-thumbnail","hentry","category-seguridad","tag-legal","tag-seguridad-del-hogar","tag-seguridad-en-comunidades-de-vecinos","tag-sistemas-de-control-de-accesos"],"modified_by":"Albert PC","_links":{"self":[{"href":"https:\/\/www.fotocasa.es\/fotocasa-life\/wp-json\/wp\/v2\/posts\/7244","targetHints":{"allow":["GET"]}}],"collection":[{"href":"https:\/\/www.fotocasa.es\/fotocasa-life\/wp-json\/wp\/v2\/posts"}],"about":[{"href":"https:\/\/www.fotocasa.es\/fotocasa-life\/wp-json\/wp\/v2\/types\/post"}],"author":[{"embeddable":true,"href":"https:\/\/www.fotocasa.es\/fotocasa-life\/wp-json\/wp\/v2\/users\/20"}],"replies":[{"embeddable":true,"href":"https:\/\/www.fotocasa.es\/fotocasa-life\/wp-json\/wp\/v2\/comments?post=7244"}],"version-history":[{"count":0,"href":"https:\/\/www.fotocasa.es\/fotocasa-life\/wp-json\/wp\/v2\/posts\/7244\/revisions"}],"wp:featuredmedia":[{"embeddable":true,"href":"https:\/\/www.fotocasa.es\/fotocasa-life\/wp-json\/wp\/v2\/media\/6984"}],"wp:attachment":[{"href":"https:\/\/www.fotocasa.es\/fotocasa-life\/wp-json\/wp\/v2\/media?parent=7244"}],"wp:term":[{"taxonomy":"category","embeddable":true,"href":"https:\/\/www.fotocasa.es\/fotocasa-life\/wp-json\/wp\/v2\/categories?post=7244"},{"taxonomy":"post_tag","embeddable":true,"href":"https:\/\/www.fotocasa.es\/fotocasa-life\/wp-json\/wp\/v2\/tags?post=7244"}],"curies":[{"name":"wp","href":"https:\/\/api.w.org\/{rel}","templated":true}]}}