{"id":7240,"date":"2015-06-09T15:01:53","date_gmt":"2015-06-09T13:01:53","guid":{"rendered":"https:\/\/www.fotocasa.es\/fotocasa-life\/?p=7240"},"modified":"2015-06-21T19:55:02","modified_gmt":"2015-06-21T17:55:02","slug":"el-precio-aumento-un-15-en-el-primer-trimestre-segun-el-ine","status":"publish","type":"post","link":"https:\/\/www.fotocasa.es\/fotocasa-life\/compraventa\/el-precio-aumento-un-15-en-el-primer-trimestre-segun-el-ine\/","title":{"rendered":"El precio aument\u00f3 un 1,5% en el primer trimestre, seg\u00fan el INE"},"content":{"rendered":"<p>Los precios de la vivienda libre subieron un 1,5% en el primer trimestre respecto al mismo periodo del a\u00f1o anterior y encadenan cuatro trimestres de alzas interanuales tras seis a\u00f1os de ca\u00eddas, seg\u00fan el \u00cdndice de Precios de Vivienda (IPV) del <strong><a href=\"http:\/\/www.ine.es\" target=\"_blank\" rel=\"noopener noreferrer\">Instituto Nacional de Estad\u00edstica<\/a><\/strong> (INE).<\/p>\n<p>El repunte interanual del precio de la vivienda en el primer trimestre se ha moderado tres d\u00e9cimas respecto al del trimestre anterior, cuando subi\u00f3 un 1,8%.<\/p>\n<p>El precio de la vivienda comenz\u00f3 a caer en el segundo trimestre de 2008 (0,3%) hasta el segundo trimestre de 2014, cuando mostr\u00f3 su primer repunte tras 24 trimestres en negativo.<\/p>\n<p>Por tipo de vivienda, el precio de la vivienda usada subi\u00f3 un 1,1% interanual en el primer trimestre, frente al 1,7% del trimestre anterior. Por su parte, el de vivienda nueva repunt\u00f3 un 4%, dos puntos m\u00e1s a la del <strong><a href=\"https:\/\/www.fotocasa.es\/fotocasa-life\/compraventa\/el-precio-de-la-vivienda-libre-subio-un-03-en-2014-tras-seis-anos-de-caidas\/\">cuarto trimestre de 2014<\/a><\/strong> y la m\u00e1s elevada desde el segundo trimestre de 2008, cuando los pisos nuevos registraron un alza interanual del 5,3%.<\/p>\n<p>&nbsp;<\/p>\n<p><strong>Descenso trimestral del 0,6%<\/strong><\/p>\n<p>En tasa intertrimestral, el precio de la vivienda libre descendi\u00f3 un 0,6% respecto al \u00faltimo trimestre de 2014 despu\u00e9s de haber encadenado tres trimestres al alza.<\/p>\n<p>Por tipo de vivienda, los precios de la nueva registraron una subida trimestral del 2,2%, frente al descenso del 0,1% del trimestre anterior; Los de la <strong><a href=\"http:\/\/www.fotocasa.es\/search\/results.aspx?opi=36&amp;bti=2&amp;bsm=&amp;tti=1&amp;prchti=2&amp;cu=es-ES&amp;mode=3&amp;minr=1\" target=\"_blank\" rel=\"noopener noreferrer\">vivienda de segunda mano<\/a><\/strong>, descendieron un 1% respecto al trimestre anterior, tras tres trimestres encadenando tasas positivas.<\/p>\n<p>&nbsp;<\/p>\n<p><strong>12 comunidades con tasas trimestrales negativas<\/strong><\/p>\n<p>En el primer trimestre de este a\u00f1o, cuatro comunidades aut\u00f3nomas y Ceuta registraron tasas trimestrales positivas en el precio, siendo la mayor subida la de Extremadura (1,7%), mientras que otras doce comunidades y Melilla experimentaron retrocesos, especialmente Cantabria (3%) y La Rioja (2,3%). Canarias, por su parte, no registr\u00f3 variaci\u00f3n trimestral.<\/p>\n<p>En tasa interanual, trece comunidades presentaron en el primer trimestre tasas positivas, mientras que otras cuatro registraron signo negativo. Las ca\u00eddas interanuales m\u00e1s pronunciadas correspondieron a La Rioja (1,5%) y Navarra (0,9%), mientras que los mayores repuntes se dieron en Baleares (2,8%) y Madrid (2,3%).<\/p>\n<p>Un total de nueve comunidades recortaron su tasa interanual en el primer trimestre del a\u00f1o respecto al trimestre anterior, especialmente Cantabria y La Rioja, cuyas tasas bajaron 2,1 y 1,7 puntos, hasta tasas negativas del 0,3% y el 1,5%, respectivamente.<\/p>\n<p>Los mayores incrementos en la variaci\u00f3n anual del precio de la vivienda libre se registraron en Navarra, con una subida de 3,3 puntos, hasta el -0,9%, y Baleares, con un aumento de 2,1 puntos, hasta el 2,8%.<\/p>\n<p>&nbsp;<\/p>\n","protected":false},"excerpt":{"rendered":"<p>Los precios de la vivienda libre subieron un 1,5% en el primer trimestre respecto al mismo periodo del a\u00f1o anterior y encadenan cuatro trimestres de alzas interanuales tras seis a\u00f1os de ca\u00eddas, seg\u00fan el \u00cdndice de Precios de Vivienda (IPV) del Instituto Nacional de Estad\u00edstica (INE). El repunte interanual del precio de la vivienda en&#8230;<\/p>\n","protected":false},"author":3,"featured_media":5068,"comment_status":"open","ping_status":"open","sticky":false,"template":"","format":"standard","meta":{"_lmt_disableupdate":"no","_lmt_disable":"","footnotes":""},"categories":[3],"tags":[764,157,207,1269],"class_list":["post-7240","post","type-post","status-publish","format-standard","has-post-thumbnail","hentry","category-compraventa","tag-indice-de-precios-de-vivienda","tag-ine","tag-precio-de-la-vivienda","tag-vivienda-libre"],"modified_by":"Agustina Battioli","_links":{"self":[{"href":"https:\/\/www.fotocasa.es\/fotocasa-life\/wp-json\/wp\/v2\/posts\/7240","targetHints":{"allow":["GET"]}}],"collection":[{"href":"https:\/\/www.fotocasa.es\/fotocasa-life\/wp-json\/wp\/v2\/posts"}],"about":[{"href":"https:\/\/www.fotocasa.es\/fotocasa-life\/wp-json\/wp\/v2\/types\/post"}],"author":[{"embeddable":true,"href":"https:\/\/www.fotocasa.es\/fotocasa-life\/wp-json\/wp\/v2\/users\/3"}],"replies":[{"embeddable":true,"href":"https:\/\/www.fotocasa.es\/fotocasa-life\/wp-json\/wp\/v2\/comments?post=7240"}],"version-history":[{"count":0,"href":"https:\/\/www.fotocasa.es\/fotocasa-life\/wp-json\/wp\/v2\/posts\/7240\/revisions"}],"wp:featuredmedia":[{"embeddable":true,"href":"https:\/\/www.fotocasa.es\/fotocasa-life\/wp-json\/wp\/v2\/media\/5068"}],"wp:attachment":[{"href":"https:\/\/www.fotocasa.es\/fotocasa-life\/wp-json\/wp\/v2\/media?parent=7240"}],"wp:term":[{"taxonomy":"category","embeddable":true,"href":"https:\/\/www.fotocasa.es\/fotocasa-life\/wp-json\/wp\/v2\/categories?post=7240"},{"taxonomy":"post_tag","embeddable":true,"href":"https:\/\/www.fotocasa.es\/fotocasa-life\/wp-json\/wp\/v2\/tags?post=7240"}],"curies":[{"name":"wp","href":"https:\/\/api.w.org\/{rel}","templated":true}]}}