{"id":72166,"date":"2022-06-14T11:15:23","date_gmt":"2022-06-14T09:15:23","guid":{"rendered":"https:\/\/www.fotocasa.es\/fotocasa-life\/?p=72166"},"modified":"2022-06-13T14:04:50","modified_gmt":"2022-06-13T12:04:50","slug":"la-mayoria-de-jovenes-son-solventes-el-problema-es-que-no-pueden-acceder-a-ese-ahorro-inicial-que-necesitan-para-la-compra-de-vivienda-anna-puigdevall-directora-general-de-api","status":"publish","type":"post","link":"https:\/\/www.fotocasa.es\/fotocasa-life\/opinion\/la-mayoria-de-jovenes-son-solventes-el-problema-es-que-no-pueden-acceder-a-ese-ahorro-inicial-que-necesitan-para-la-compra-de-vivienda-anna-puigdevall-directora-general-de-api\/","title":{"rendered":"\u201cLa mayor\u00eda de j\u00f3venes son solventes, el problema es que no pueden acceder a ese ahorro inicial que necesitan para la compra de vivienda\u201d Anna Puigdevall, Directora general de API"},"content":{"rendered":"<p><span style=\"font-weight: 400;\">En<\/span><a href=\"https:\/\/www.fotocasa.es\/fotocasa-life\/mercado-inmobiliario\/270-empresas-y-entidades-participaran-en-la-nueva-edicion-del-salon-inmobiliario-sima\/\"><b> SIMA, la feria inmobiliaria<\/b><\/a><span style=\"font-weight: 400;\"> m\u00e1s importante de Espa\u00f1a, celebrada a finales de mayo de 2022, tuvimos la oportunidad de hablar con los profesionales inmobiliarios m\u00e1s influyentes del pa\u00eds para conocer su opini\u00f3n sobre comprar, vender o alquilar viviendas actualmente. Hoy tenemos el placer de entrevistar a Anna Puigdevall, Directora general de API, Asociaci\u00f3n Profesional de los Agentes Inmobiliarios de Espa\u00f1a.<\/span><\/p>\n","protected":false},"excerpt":{"rendered":"<p>En SIMA, la feria inmobiliaria m\u00e1s importante de Espa\u00f1a, celebrada a finales de mayo de 2022, tuvimos la oportunidad de hablar con los profesionales inmobiliarios m\u00e1s influyentes del pa\u00eds para conocer su opini\u00f3n sobre comprar, vender o alquilar viviendas actualmente. Hoy tenemos el placer de entrevistar a Anna Puigdevall, Directora general de API, Asociaci\u00f3n Profesional&#8230;<\/p>\n","protected":false},"author":3,"featured_media":72167,"comment_status":"open","ping_status":"closed","sticky":false,"template":"","format":"standard","meta":{"_lmt_disableupdate":"yes","_lmt_disable":"","footnotes":""},"categories":[4284],"tags":[6060,503,1647,428,5883],"class_list":["post-72166","post","type-post","status-publish","format-standard","has-post-thumbnail","hentry","category-opinion","tag-anna-puigdevall","tag-entrevista","tag-mercado-inmobiliario","tag-sima","tag-sima-2022"],"modified_by":"Agustina Battioli","_links":{"self":[{"href":"https:\/\/www.fotocasa.es\/fotocasa-life\/wp-json\/wp\/v2\/posts\/72166","targetHints":{"allow":["GET"]}}],"collection":[{"href":"https:\/\/www.fotocasa.es\/fotocasa-life\/wp-json\/wp\/v2\/posts"}],"about":[{"href":"https:\/\/www.fotocasa.es\/fotocasa-life\/wp-json\/wp\/v2\/types\/post"}],"author":[{"embeddable":true,"href":"https:\/\/www.fotocasa.es\/fotocasa-life\/wp-json\/wp\/v2\/users\/3"}],"replies":[{"embeddable":true,"href":"https:\/\/www.fotocasa.es\/fotocasa-life\/wp-json\/wp\/v2\/comments?post=72166"}],"version-history":[{"count":0,"href":"https:\/\/www.fotocasa.es\/fotocasa-life\/wp-json\/wp\/v2\/posts\/72166\/revisions"}],"wp:featuredmedia":[{"embeddable":true,"href":"https:\/\/www.fotocasa.es\/fotocasa-life\/wp-json\/wp\/v2\/media\/72167"}],"wp:attachment":[{"href":"https:\/\/www.fotocasa.es\/fotocasa-life\/wp-json\/wp\/v2\/media?parent=72166"}],"wp:term":[{"taxonomy":"category","embeddable":true,"href":"https:\/\/www.fotocasa.es\/fotocasa-life\/wp-json\/wp\/v2\/categories?post=72166"},{"taxonomy":"post_tag","embeddable":true,"href":"https:\/\/www.fotocasa.es\/fotocasa-life\/wp-json\/wp\/v2\/tags?post=72166"}],"curies":[{"name":"wp","href":"https:\/\/api.w.org\/{rel}","templated":true}]}}