{"id":7215,"date":"2015-06-04T21:25:39","date_gmt":"2015-06-04T19:25:39","guid":{"rendered":"https:\/\/www.fotocasa.es\/fotocasa-life\/?p=7215"},"modified":"2015-06-21T19:58:28","modified_gmt":"2015-06-21T17:58:28","slug":"el-precio-de-la-vivienda-acentua-su-caida-al-36-en-mayo-y-acumula-un-descenso-del-421","status":"publish","type":"post","link":"https:\/\/www.fotocasa.es\/fotocasa-life\/compraventa\/el-precio-de-la-vivienda-acentua-su-caida-al-36-en-mayo-y-acumula-un-descenso-del-421\/","title":{"rendered":"El precio de la vivienda acent\u00faa su ca\u00edda al 3,6% en mayo y acumula un descenso del 42,1%"},"content":{"rendered":"<p>El precio medio de la vivienda registr\u00f3 una ca\u00edda interanual del 3,6% en mayo, frente al descenso del <strong><a href=\"https:\/\/www.fotocasa.es\/fotocasa-life\/compraventa\/el-precio-medio-de-la-vivienda-cae-un-31-interanual-segun-tinsa\/\">1,7% del mes anterior<\/a><\/strong>, y acumula un retroceso del 42,1% desde m\u00e1ximos, en diciembre de 2007. As\u00ed afirma el \u00cdndice Tinsa IMIE, que se nutre de las tasaciones de vivienda terminada, tanto nueva como usada, realizadas por la compa\u00f1\u00eda.<\/p>\n<p>El intenso ajuste a la baja experimentado por el \u00edndice a partir de junio de 2015 explica esta \u00abllamativa\u00bb diferencia interanual, pese a que el precio medio se ha mantenido bastante estable desde noviembre, con peque\u00f1as oscilaciones, explica la <strong><a href=\"http:\/\/www.tinsa.es\/\" target=\"_blank\" rel=\"noopener noreferrer\">tasadora<\/a><\/strong>. As\u00ed, el precio medio de la vivienda en Espa\u00f1a ha descendido un 1,6% en el acumulado respecto al final de 2014.<\/p>\n<p>Las capitales y grandes ciudades registraron en mayo el peor comportamiento de entre todas las zonas analizadas, con un 4,9% de ca\u00edda interanual<\/p>\n<p>Por detr\u00e1s se situaron las \u00e1reas metropolitanas, con un ajuste del 3,8%, y las localidades m\u00e1s peque\u00f1as, agrupadas en resto de municipios, donde el precio medio se situ\u00f3 un 2,7% por debajo del de mayo de 2014.<\/p>\n<p>El precio medio de la vivienda cay\u00f3, por su parte, un 2,3% en la <strong><a href=\"https:\/\/www.fotocasa.es\/fotocasa-life\/compraventa\/por-que-compran-vivienda-los-extranjeros-en-espana-infografia\/\">costa mediterr\u00e1nea<\/a><\/strong> en el quinto mes del a\u00f1o y un 2,1% en Baleares y Canarias.<\/p>\n<p>En el acumulado del a\u00f1o, Baleares y Canarias experimentaron descensos similares a la media nacional, del 1,5%, mientras que las localidades de la costa mediterr\u00e1nea son las \u00fanicas que cierran estos cinco primeros meses del a\u00f1o con una evoluci\u00f3n positiva (1,4%).<\/p>\n<p>Finalmente, el descenso de precios desde los m\u00e1ximos de 2007 alcanza el 48,8% en la costa mediterr\u00e1nea, por delante de las capitales y grandes ciudades, con un 46,5%, y las \u00e1reas metropolitanas, con un 44,8%, respectivamente.\u00a0En el extremo opuesto, los descensos m\u00e1s moderados se localizaron en Baleares y Canarias, con un descenso del 32,1%, y en el resto de municipios, donde los precios han ca\u00eddo un 35,6%.<\/p>\n<p>&nbsp;<\/p>\n","protected":false},"excerpt":{"rendered":"<p>El precio medio de la vivienda registr\u00f3 una ca\u00edda interanual del 3,6% en mayo, frente al descenso del 1,7% del mes anterior, y acumula un retroceso del 42,1% desde m\u00e1ximos, en diciembre de 2007. As\u00ed afirma el \u00cdndice Tinsa IMIE, que se nutre de las tasaciones de vivienda terminada, tanto nueva como usada, realizadas por&#8230;<\/p>\n","protected":false},"author":3,"featured_media":1462,"comment_status":"open","ping_status":"open","sticky":false,"template":"","format":"standard","meta":{"_lmt_disableupdate":"no","_lmt_disable":"","footnotes":""},"categories":[3],"tags":[135,1764,207,998,213,309],"class_list":["post-7215","post","type-post","status-publish","format-standard","has-post-thumbnail","hentry","category-compraventa","tag-estudios","tag-imie","tag-precio-de-la-vivienda","tag-precio-medio-venta","tag-precio-medio-vivienda","tag-tinsa"],"modified_by":"Agustina Battioli","_links":{"self":[{"href":"https:\/\/www.fotocasa.es\/fotocasa-life\/wp-json\/wp\/v2\/posts\/7215","targetHints":{"allow":["GET"]}}],"collection":[{"href":"https:\/\/www.fotocasa.es\/fotocasa-life\/wp-json\/wp\/v2\/posts"}],"about":[{"href":"https:\/\/www.fotocasa.es\/fotocasa-life\/wp-json\/wp\/v2\/types\/post"}],"author":[{"embeddable":true,"href":"https:\/\/www.fotocasa.es\/fotocasa-life\/wp-json\/wp\/v2\/users\/3"}],"replies":[{"embeddable":true,"href":"https:\/\/www.fotocasa.es\/fotocasa-life\/wp-json\/wp\/v2\/comments?post=7215"}],"version-history":[{"count":0,"href":"https:\/\/www.fotocasa.es\/fotocasa-life\/wp-json\/wp\/v2\/posts\/7215\/revisions"}],"wp:featuredmedia":[{"embeddable":true,"href":"https:\/\/www.fotocasa.es\/fotocasa-life\/wp-json\/wp\/v2\/media\/1462"}],"wp:attachment":[{"href":"https:\/\/www.fotocasa.es\/fotocasa-life\/wp-json\/wp\/v2\/media?parent=7215"}],"wp:term":[{"taxonomy":"category","embeddable":true,"href":"https:\/\/www.fotocasa.es\/fotocasa-life\/wp-json\/wp\/v2\/categories?post=7215"},{"taxonomy":"post_tag","embeddable":true,"href":"https:\/\/www.fotocasa.es\/fotocasa-life\/wp-json\/wp\/v2\/tags?post=7215"}],"curies":[{"name":"wp","href":"https:\/\/api.w.org\/{rel}","templated":true}]}}