{"id":71884,"date":"2022-06-03T09:26:18","date_gmt":"2022-06-03T07:26:18","guid":{"rendered":"https:\/\/www.fotocasa.es\/fotocasa-life\/?p=71884"},"modified":"2024-02-13T11:46:09","modified_gmt":"2024-02-13T10:46:09","slug":"cuales-son-los-problemas-mas-habituales-al-realizar-una-reforma-en-casa","status":"publish","type":"post","link":"https:\/\/www.fotocasa.es\/fotocasa-life\/hogar\/reformas\/cuales-son-los-problemas-mas-habituales-al-realizar-una-reforma-en-casa\/","title":{"rendered":"\u00bfCu\u00e1les son los problemas m\u00e1s habituales al realizar una reforma en casa?"},"content":{"rendered":"<p>Reformar una casa requiere de esfuerzo y dedicaci\u00f3n, tanto si decimos <a href=\"https:\/\/www.fotocasa.es\/fotocasa-life\/hogar\/reformas\/fotocasa-responde-como-prepararte-para-hacer-una-reforma-integral\/\"><b>llevar a cabo una reforma integral<\/b><\/a> como si s\u00f3lo optamos por hacer algunos cambios puntuales en ciertas estancias de la vivienda. De lo contrario, es decir, <b>si no la planificamos con tiempo, pueden surgir problemas que pueden llegar a arruinarla por completo<\/b>.<\/p>\n<p>Sin embargo, y dado que <a href=\"https:\/\/www.fotocasa.es\/fotocasa-life\/hogar\/las-mejores-reformas-para-hacer-en-casa-en-primavera\/\"><b>la primavera es la mejor \u00e9poca para hacer reformas en casa<\/b><\/a>, no queremos que el temor a que algo salga mal nos impida hacer cambios significativos en nuestro hogar. Por ello, a continuaci\u00f3n queremos analizar cu\u00e1les son <b>los problemas m\u00e1s comunes al reformar una vivienda y c\u00f3mo podemos evitarlos<\/b> para que todo salga seg\u00fan lo previsto.<\/p>\n<p>&nbsp;<\/p>\n<h2><b>\u00bfC\u00f3mo evitar los problemas que puedan surgir al reformar una casa?<\/b><\/h2>\n<p>Para evitar los posibles problemas que puedan surgir <b>al reformar una casa debemos seguir una serie de pasos y consejos<\/b>.<\/p>\n<h3><b>Organizarse con tiempo para evitar problemas al reformar una casa<\/b><\/h3>\n<p>En primer lugar, es <b>imprescindible organizarse bien y con tiempo<\/b>. Si dejamos las cosas para el \u00faltimo momento, muy probablemente, saldr\u00e1n imprevistos de \u00faltima hora que no podremos evitar. De hecho, las <a href=\"https:\/\/www.fotocasa.es\/fotocasa-life\/hogar\/reformas\/consejos-para-elegir-una-empresa-de-reformas\/\"><b>empresas de reformas<\/b><\/a><b> recomiendan empezar a planificar las obras con dos o tres meses de antelaci\u00f3n<\/b>, para que todo salga seg\u00fan lo previsto.<\/p>\n","protected":false},"excerpt":{"rendered":"<p>Reformar una casa requiere de esfuerzo y dedicaci\u00f3n, tanto si decimos llevar a cabo una reforma integral como si s\u00f3lo optamos por hacer algunos cambios puntuales en ciertas estancias de la vivienda. De lo contrario, es decir, si no la planificamos con tiempo, pueden surgir problemas que pueden llegar a arruinarla por completo. Sin embargo,&#8230;<\/p>\n","protected":false},"author":3,"featured_media":71895,"comment_status":"open","ping_status":"closed","sticky":false,"template":"","format":"standard","meta":{"_lmt_disableupdate":"yes","_lmt_disable":"","footnotes":""},"categories":[7],"tags":[6008,5466,1863,6009],"class_list":["post-71884","post","type-post","status-publish","format-standard","has-post-thumbnail","hentry","category-reformas","tag-problemas-con-reformas-en-casa","tag-reformar-una-casa","tag-reformas","tag-rehabilitar-casa-problemas"],"modified_by":null,"_links":{"self":[{"href":"https:\/\/www.fotocasa.es\/fotocasa-life\/wp-json\/wp\/v2\/posts\/71884","targetHints":{"allow":["GET"]}}],"collection":[{"href":"https:\/\/www.fotocasa.es\/fotocasa-life\/wp-json\/wp\/v2\/posts"}],"about":[{"href":"https:\/\/www.fotocasa.es\/fotocasa-life\/wp-json\/wp\/v2\/types\/post"}],"author":[{"embeddable":true,"href":"https:\/\/www.fotocasa.es\/fotocasa-life\/wp-json\/wp\/v2\/users\/3"}],"replies":[{"embeddable":true,"href":"https:\/\/www.fotocasa.es\/fotocasa-life\/wp-json\/wp\/v2\/comments?post=71884"}],"version-history":[{"count":0,"href":"https:\/\/www.fotocasa.es\/fotocasa-life\/wp-json\/wp\/v2\/posts\/71884\/revisions"}],"wp:featuredmedia":[{"embeddable":true,"href":"https:\/\/www.fotocasa.es\/fotocasa-life\/wp-json\/wp\/v2\/media\/71895"}],"wp:attachment":[{"href":"https:\/\/www.fotocasa.es\/fotocasa-life\/wp-json\/wp\/v2\/media?parent=71884"}],"wp:term":[{"taxonomy":"category","embeddable":true,"href":"https:\/\/www.fotocasa.es\/fotocasa-life\/wp-json\/wp\/v2\/categories?post=71884"},{"taxonomy":"post_tag","embeddable":true,"href":"https:\/\/www.fotocasa.es\/fotocasa-life\/wp-json\/wp\/v2\/tags?post=71884"}],"curies":[{"name":"wp","href":"https:\/\/api.w.org\/{rel}","templated":true}]}}