{"id":71768,"date":"2022-06-01T09:28:15","date_gmt":"2022-06-01T07:28:15","guid":{"rendered":"https:\/\/www.fotocasa.es\/fotocasa-life\/?p=71768"},"modified":"2022-06-01T09:32:40","modified_gmt":"2022-06-01T07:32:40","slug":"la-casa-mas-curiosa-de-junio-los-pisos-de-lujo-que-esta-construyendo-antonio-banderas-en-malaga","status":"publish","type":"post","link":"https:\/\/www.fotocasa.es\/fotocasa-life\/curiosidades\/la-casa-mas-curiosa-de-junio-los-pisos-de-lujo-que-esta-construyendo-antonio-banderas-en-malaga\/","title":{"rendered":"La casa m\u00e1s curiosa de junio: los pisos de lujo que est\u00e1 construyendo Antonio Banderas en M\u00e1laga"},"content":{"rendered":"<p>Antonio Banderas, uno de nuestros actores m\u00e1s internacionales, est\u00e1 en boca de todos. Y no porque haya protagonizado una nueva pel\u00edcula sino porque <b>es el embajador de una <\/b><a href=\"https:\/\/www.fotocasa.es\/es\/comprar\/obra-nueva\/malaga-capital\/19853274\"><b>nueva promoci\u00f3n de pisos de lujo en M\u00e1laga<\/b><\/a><b>, su ciudad natal: Picasso Towers<\/b>.<\/p>\n<p><b>Banderas siempre ha manifestado su cari\u00f1o y admiraci\u00f3n por la ciudad que lo vio nacer y crecer<\/b>, y cuando su trabajo se lo ha permitido ha regresado a visitarla. De hecho, desde hace poco m\u00e1s de un a\u00f1o, <b>el actor vuelve a <\/b><a href=\"https:\/\/www.fotocasa.es\/es\/comprar\/viviendas\/malaga-provincia\/todas-las-zonas\/l\"><b>vivir en M\u00e1laga<\/b><\/a><b> de forma permanente<\/b>, entre su \u00e1tico de invierno, situado en el casco antiguo de la capital y la villa marbell\u00ed, a la que suele ir en verano.<\/p>\n<p>Desde entonces, la mayor\u00eda de sus proyectos laborales han sido llevados a cabo en Espa\u00f1a. Uno de ellos es el que hoy nos ocupa: la construcci\u00f3n de <a href=\"https:\/\/www.fotocasa.es\/fotocasa-life\/curiosidades\/antonio-banderas-imagen-de-las-picasso-towers-de-malaga\/\"><b>Picasso Towers<\/b><\/a><b>, un conjunto de viviendas de lujo situadas frente a la Costa del Sol, del que es embajador<\/b>. Las visitamos a continuaci\u00f3n, \u00bfnos quieres acompa\u00f1ar?<\/p>\n","protected":false},"excerpt":{"rendered":"<p>Descubre cada mes cu\u00e1l es la casa m\u00e1s curiosa de Fotocasa<\/p>\n","protected":false},"author":3,"featured_media":71784,"comment_status":"open","ping_status":"closed","sticky":false,"template":"","format":"standard","meta":{"_lmt_disableupdate":"yes","_lmt_disable":"","footnotes":""},"categories":[2452],"tags":[5986,5989,5987,5988],"class_list":["post-71768","post","type-post","status-publish","format-standard","has-post-thumbnail","hentry","category-curiosidades","tag-antonio-banderas","tag-antonio-banderas-edificio","tag-antonio-banderas-malaga","tag-casa-antonio-banderas-malaga"],"modified_by":"Sara","_links":{"self":[{"href":"https:\/\/www.fotocasa.es\/fotocasa-life\/wp-json\/wp\/v2\/posts\/71768","targetHints":{"allow":["GET"]}}],"collection":[{"href":"https:\/\/www.fotocasa.es\/fotocasa-life\/wp-json\/wp\/v2\/posts"}],"about":[{"href":"https:\/\/www.fotocasa.es\/fotocasa-life\/wp-json\/wp\/v2\/types\/post"}],"author":[{"embeddable":true,"href":"https:\/\/www.fotocasa.es\/fotocasa-life\/wp-json\/wp\/v2\/users\/3"}],"replies":[{"embeddable":true,"href":"https:\/\/www.fotocasa.es\/fotocasa-life\/wp-json\/wp\/v2\/comments?post=71768"}],"version-history":[{"count":0,"href":"https:\/\/www.fotocasa.es\/fotocasa-life\/wp-json\/wp\/v2\/posts\/71768\/revisions"}],"wp:featuredmedia":[{"embeddable":true,"href":"https:\/\/www.fotocasa.es\/fotocasa-life\/wp-json\/wp\/v2\/media\/71784"}],"wp:attachment":[{"href":"https:\/\/www.fotocasa.es\/fotocasa-life\/wp-json\/wp\/v2\/media?parent=71768"}],"wp:term":[{"taxonomy":"category","embeddable":true,"href":"https:\/\/www.fotocasa.es\/fotocasa-life\/wp-json\/wp\/v2\/categories?post=71768"},{"taxonomy":"post_tag","embeddable":true,"href":"https:\/\/www.fotocasa.es\/fotocasa-life\/wp-json\/wp\/v2\/tags?post=71768"}],"curies":[{"name":"wp","href":"https:\/\/api.w.org\/{rel}","templated":true}]}}