{"id":7117,"date":"2015-05-28T15:23:13","date_gmt":"2015-05-28T13:23:13","guid":{"rendered":"https:\/\/www.fotocasa.es\/fotocasa-life\/?p=7117"},"modified":"2020-11-27T11:30:14","modified_gmt":"2020-11-27T10:30:14","slug":"luz-verde-a-la-reforma-de-la-ley-hipotecaria-y-del-catastro","status":"publish","type":"post","link":"https:\/\/www.fotocasa.es\/fotocasa-life\/hipotecas-finanzas\/luz-verde-a-la-reforma-de-la-ley-hipotecaria-y-del-catastro\/","title":{"rendered":"Luz verde a la reforma de la Ley Hipotecaria y del Catastro"},"content":{"rendered":"<p>El Pleno del Senado ha dado luz verde a la <strong><a href=\"https:\/\/www.fotocasa.es\/fotocasa-life\/compraventa\/el-congreso-da-luz-verde-a-la-ley-hipotecaria-y-del-catastro\/\">reforma de la Ley Hipotecaria y del Catastro<\/a><\/strong> que, entre otras cosas, proh\u00edbe las inmatriculaciones de bienes a las que pod\u00eda acogerse la Iglesia.<\/p>\n<p>La C\u00e1mara Alta ha dado el visto a la norma tras la introducci\u00f3n de tres enmiendas transaccionales de CiU y PSOE, y la remite as\u00ed al Congreso de los Diputados para su aprobaci\u00f3n definitiva.<\/p>\n<p>La nueva norma persigue una mejor defensa de sus bienes de los ciudadanos al suponer una mayor coordinaci\u00f3n entre el Catastro y el <strong><a href=\"https:\/\/www.fotocasa.es\/fotocasa-life\/compraventa\/10-preguntas-y-respuestas-sobre-el-registro-de-la-propiedad\/\">Registro de la Propiedad<\/a><\/strong>.<\/p>\n<p>Esta mayor colaboraci\u00f3n deber\u00eda revertir en un m\u00e1s fluido intercambio seguro de datos entre ambas instancias y en un aumento de la interoperabilidad entre ellas. Adem\u00e1s, la Ley est\u00e1 llamada a incrementar la seguridad jur\u00eddica en el tr\u00e1fico inmobiliario y a simplificar la tramitaci\u00f3n administrativa.<\/p>\n<p>La Comisi\u00f3n de Justicia del Congreso dio v\u00eda libre a la reforma el pasado mes de marzo con los votos de PP, UPyD, PNV y UPN, tras modificar el texto original con las 43 enmiendas parciales de los &#8216;populares&#8217; y tres cambios pactados con la formaci\u00f3n magenta y Uni\u00f3n del Pueblo Navarro.<\/p>\n<p>Por su parte, el PSOE present\u00f3 enmienda de totalidad al proyecto de ley y la Izquierda Plural (IU-ICV-CHA) vot\u00f3 en contra del proyecto de ley, al criticar entre otros asuntos que no se revisasen las inmatriculaciones realizadas por la Iglesia Cat\u00f3lica en las \u00faltimas d\u00e9cadas, y a las que ahora se pone fin.<\/p>\n<p>&nbsp;<\/p>\n","protected":false},"excerpt":{"rendered":"<p>El Pleno del Senado ha dado luz verde a la reforma de la Ley Hipotecaria y del Catastro que, entre otras cosas, proh\u00edbe las inmatriculaciones de bienes a las que pod\u00eda acogerse la Iglesia. La C\u00e1mara Alta ha dado el visto a la norma tras la introducci\u00f3n de tres enmiendas transaccionales de CiU y PSOE,&#8230;<\/p>\n","protected":false},"author":3,"featured_media":6063,"comment_status":"open","ping_status":"open","sticky":false,"template":"","format":"standard","meta":{"_lmt_disableupdate":"yes","_lmt_disable":"","footnotes":""},"categories":[6],"tags":[849,479,169,1740],"class_list":["post-7117","post","type-post","status-publish","format-standard","has-post-thumbnail","hentry","category-hipotecas-finanzas","tag-catastro","tag-congreso-diputados","tag-legal","tag-ley-hipotecaria"],"modified_by":"Albert PC","_links":{"self":[{"href":"https:\/\/www.fotocasa.es\/fotocasa-life\/wp-json\/wp\/v2\/posts\/7117","targetHints":{"allow":["GET"]}}],"collection":[{"href":"https:\/\/www.fotocasa.es\/fotocasa-life\/wp-json\/wp\/v2\/posts"}],"about":[{"href":"https:\/\/www.fotocasa.es\/fotocasa-life\/wp-json\/wp\/v2\/types\/post"}],"author":[{"embeddable":true,"href":"https:\/\/www.fotocasa.es\/fotocasa-life\/wp-json\/wp\/v2\/users\/3"}],"replies":[{"embeddable":true,"href":"https:\/\/www.fotocasa.es\/fotocasa-life\/wp-json\/wp\/v2\/comments?post=7117"}],"version-history":[{"count":0,"href":"https:\/\/www.fotocasa.es\/fotocasa-life\/wp-json\/wp\/v2\/posts\/7117\/revisions"}],"wp:featuredmedia":[{"embeddable":true,"href":"https:\/\/www.fotocasa.es\/fotocasa-life\/wp-json\/wp\/v2\/media\/6063"}],"wp:attachment":[{"href":"https:\/\/www.fotocasa.es\/fotocasa-life\/wp-json\/wp\/v2\/media?parent=7117"}],"wp:term":[{"taxonomy":"category","embeddable":true,"href":"https:\/\/www.fotocasa.es\/fotocasa-life\/wp-json\/wp\/v2\/categories?post=7117"},{"taxonomy":"post_tag","embeddable":true,"href":"https:\/\/www.fotocasa.es\/fotocasa-life\/wp-json\/wp\/v2\/tags?post=7117"}],"curies":[{"name":"wp","href":"https:\/\/api.w.org\/{rel}","templated":true}]}}