{"id":7033,"date":"2015-05-26T14:13:39","date_gmt":"2015-05-26T12:13:39","guid":{"rendered":"https:\/\/www.fotocasa.es\/fotocasa-life\/?p=7033"},"modified":"2020-11-27T11:30:20","modified_gmt":"2020-11-27T10:30:20","slug":"tc-el-decreto-andaluz-antidesahucios-invade-competencias-y-obstaculiza-las-medidas-estatales","status":"publish","type":"post","link":"https:\/\/www.fotocasa.es\/fotocasa-life\/hipotecas-finanzas\/tc-el-decreto-andaluz-antidesahucios-invade-competencias-y-obstaculiza-las-medidas-estatales\/","title":{"rendered":"TC: el decreto andaluz antidesahucios invade competencias y obstaculiza las medidas estatales"},"content":{"rendered":"<p>El pleno del Tribunal Constitucional (TC) ha estimado parcialmente el recurso presentado por el Gobierno central contra el <strong><a href=\"https:\/\/www.fotocasa.es\/fotocasa-life\/hipotecas-finanzas\/andalucia-denuncia-5-bancos-por-incumplir-el-codigo-de-buenas-practicas-con-deudores-hipotecarios\/\">decreto-ley andaluz<\/a><\/strong> de medidas para asegurar el cumplimiento del <strong><a href=\"https:\/\/www.fotocasa.es\/fotocasa-life\/alquiler\/andalucia-sanciona-sareb-por-dificultar-la-funcion-social-de-sus-viviendas\/\">fin social de la vivienda<\/a><\/strong>, al considerar que la expropiaci\u00f3n de estas invade la competencia exclusiva del Estado en materia de \u00abcoordinaci\u00f3n de la planificaci\u00f3n general de la actividad econ\u00f3mica\u00bb.<\/p>\n<p>Seg\u00fan la sentencia, el Estado ha puesto en marcha <strong><a href=\"https:\/\/www.fotocasa.es\/fotocasa-life\/hipotecas-finanzas\/el-gobierno-prorroga-hasta-2017-los-desahucios-a-familias-vulnerables\/\">medidas con una doble finalidad<\/a><\/strong>: proteger a los deudores hipotecarios y promover el mercado hipotecario con la constituci\u00f3n de un fondo social de viviendas propiedad de las entidades de cr\u00e9dito, y entiende que el decreto-ley andaluz, con las expropiaciones, obstaculiza la eficacia de las medidas de pol\u00edtica econ\u00f3mica desarrolladas por el Gobierno. La sentencia cuenta con tres votos particulares.<\/p>\n<p>Cabe recordar que de forma posterior a este decreto, la Junta de Andaluc\u00eda dict\u00f3 una Ley de Vivienda que derog\u00f3 en parte el decreto-ley. Dicha ley fue tambi\u00e9n recurrida ante el TC por el Gobierno y est\u00e1 pendiente de resoluci\u00f3n por el pleno.<\/p>\n<p>&nbsp;<\/p>\n","protected":false},"excerpt":{"rendered":"<p>El pleno del Tribunal Constitucional (TC) ha estimado parcialmente el recurso presentado por el Gobierno central contra el decreto-ley andaluz de medidas para asegurar el cumplimiento del fin social de la vivienda, al considerar que la expropiaci\u00f3n de estas invade la competencia exclusiva del Estado en materia de \u00abcoordinaci\u00f3n de la planificaci\u00f3n general de la&#8230;<\/p>\n","protected":false},"author":3,"featured_media":2146,"comment_status":"open","ping_status":"open","sticky":false,"template":"","format":"standard","meta":{"_lmt_disableupdate":"yes","_lmt_disable":"","footnotes":""},"categories":[6],"tags":[358,359,1460,1665,893],"class_list":["post-7033","post","type-post","status-publish","format-standard","has-post-thumbnail","hentry","category-hipotecas-finanzas","tag-desahucios","tag-ejecucion-hipotecaria","tag-ley-antidesahucios","tag-ley-de-vivienda","tag-tribunal-constitucional"],"modified_by":"Albert PC","_links":{"self":[{"href":"https:\/\/www.fotocasa.es\/fotocasa-life\/wp-json\/wp\/v2\/posts\/7033","targetHints":{"allow":["GET"]}}],"collection":[{"href":"https:\/\/www.fotocasa.es\/fotocasa-life\/wp-json\/wp\/v2\/posts"}],"about":[{"href":"https:\/\/www.fotocasa.es\/fotocasa-life\/wp-json\/wp\/v2\/types\/post"}],"author":[{"embeddable":true,"href":"https:\/\/www.fotocasa.es\/fotocasa-life\/wp-json\/wp\/v2\/users\/3"}],"replies":[{"embeddable":true,"href":"https:\/\/www.fotocasa.es\/fotocasa-life\/wp-json\/wp\/v2\/comments?post=7033"}],"version-history":[{"count":0,"href":"https:\/\/www.fotocasa.es\/fotocasa-life\/wp-json\/wp\/v2\/posts\/7033\/revisions"}],"wp:featuredmedia":[{"embeddable":true,"href":"https:\/\/www.fotocasa.es\/fotocasa-life\/wp-json\/wp\/v2\/media\/2146"}],"wp:attachment":[{"href":"https:\/\/www.fotocasa.es\/fotocasa-life\/wp-json\/wp\/v2\/media?parent=7033"}],"wp:term":[{"taxonomy":"category","embeddable":true,"href":"https:\/\/www.fotocasa.es\/fotocasa-life\/wp-json\/wp\/v2\/categories?post=7033"},{"taxonomy":"post_tag","embeddable":true,"href":"https:\/\/www.fotocasa.es\/fotocasa-life\/wp-json\/wp\/v2\/tags?post=7033"}],"curies":[{"name":"wp","href":"https:\/\/api.w.org\/{rel}","templated":true}]}}