{"id":7022,"date":"2015-05-26T10:42:58","date_gmt":"2015-05-26T08:42:58","guid":{"rendered":"https:\/\/www.fotocasa.es\/fotocasa-life\/?p=7022"},"modified":"2020-11-27T11:30:20","modified_gmt":"2020-11-27T10:30:20","slug":"el-pib-continua-su-trayectoria-expansiva-en-el-segundo-trimestre","status":"publish","type":"post","link":"https:\/\/www.fotocasa.es\/fotocasa-life\/hipotecas-finanzas\/el-pib-continua-su-trayectoria-expansiva-en-el-segundo-trimestre\/","title":{"rendered":"El PIB continua su \u00abtrayectoria expansiva\u00bb en el segundo trimestre, seg\u00fan el Banco de Espa\u00f1a"},"content":{"rendered":"<p>La \u00abtrayectoria expansiva\u00bb del PIB continua en el periodo m\u00e1s reciente, seg\u00fan la informaci\u00f3n del <strong><a href=\"https:\/\/www.bde.es\/bde\/es\/\" target=\"_blank\" rel=\"noopener noreferrer\">Banco de Espa\u00f1a<\/a><\/strong>, que estima una contribuci\u00f3n \u00abdestacada\u00bb de la demanda interna privada durante el primer trimestre y, en particular, del consumo de los hogares.<\/p>\n<p>En su \u00faltimo bolet\u00edn econ\u00f3mico, la autoridad monetaria indica que en el periodo m\u00e1s reciente ha continuado la <strong><a href=\"https:\/\/www.fotocasa.es\/fotocasa-life\/compraventa\/el-mercado-inmobiliario-espanol-atrajo-en-el-primer-trimestre-el-35-de-la-inversion-de-todo-2014\/\">recuperaci\u00f3n de la inversi\u00f3n en vivienda<\/a><\/strong>, que comenz\u00f3 en 2014. Tambi\u00e9n mejor\u00f3 el \u00abcomportamiento din\u00e1mico\u00bb del gasto de los hogares, que se sustenta en el \u00abdinamismo\u00bb del empleo y en la mejora de los condicionantes de naturaleza financiera.<\/p>\n<p>Asimismo, el organismo destaca que los principales indicadores cualitativos referidos a la industria han seguido mostrando un \u00abtono expansivo\u00bb en el periodo m\u00e1s reciente, al tiempo que la inversi\u00f3n empresarial mantiene, en general, \u00abse\u00f1ales positivas\u00bb al inicio del segundo trimestre.<\/p>\n<p>&nbsp;<\/p>\n","protected":false},"excerpt":{"rendered":"<p>La \u00abtrayectoria expansiva\u00bb del PIB continua en el periodo m\u00e1s reciente, seg\u00fan la informaci\u00f3n del Banco de Espa\u00f1a, que estima una contribuci\u00f3n \u00abdestacada\u00bb de la demanda interna privada durante el primer trimestre y, en particular, del consumo de los hogares. En su \u00faltimo bolet\u00edn econ\u00f3mico, la autoridad monetaria indica que en el periodo m\u00e1s reciente&#8230;<\/p>\n","protected":false},"author":3,"featured_media":907,"comment_status":"open","ping_status":"open","sticky":false,"template":"","format":"standard","meta":{"_lmt_disableupdate":"yes","_lmt_disable":"","footnotes":""},"categories":[6],"tags":[1588,29,1415,118,1020,1290,195],"class_list":["post-7022","post","type-post","status-publish","format-standard","has-post-thumbnail","hentry","category-hipotecas-finanzas","tag-autoconsumo-energetico","tag-banco-de-espana","tag-consumo-de-los-hogares","tag-economia","tag-economia-espanola","tag-inversion-inmobiliaria","tag-pib"],"modified_by":"Albert PC","_links":{"self":[{"href":"https:\/\/www.fotocasa.es\/fotocasa-life\/wp-json\/wp\/v2\/posts\/7022","targetHints":{"allow":["GET"]}}],"collection":[{"href":"https:\/\/www.fotocasa.es\/fotocasa-life\/wp-json\/wp\/v2\/posts"}],"about":[{"href":"https:\/\/www.fotocasa.es\/fotocasa-life\/wp-json\/wp\/v2\/types\/post"}],"author":[{"embeddable":true,"href":"https:\/\/www.fotocasa.es\/fotocasa-life\/wp-json\/wp\/v2\/users\/3"}],"replies":[{"embeddable":true,"href":"https:\/\/www.fotocasa.es\/fotocasa-life\/wp-json\/wp\/v2\/comments?post=7022"}],"version-history":[{"count":0,"href":"https:\/\/www.fotocasa.es\/fotocasa-life\/wp-json\/wp\/v2\/posts\/7022\/revisions"}],"wp:featuredmedia":[{"embeddable":true,"href":"https:\/\/www.fotocasa.es\/fotocasa-life\/wp-json\/wp\/v2\/media\/907"}],"wp:attachment":[{"href":"https:\/\/www.fotocasa.es\/fotocasa-life\/wp-json\/wp\/v2\/media?parent=7022"}],"wp:term":[{"taxonomy":"category","embeddable":true,"href":"https:\/\/www.fotocasa.es\/fotocasa-life\/wp-json\/wp\/v2\/categories?post=7022"},{"taxonomy":"post_tag","embeddable":true,"href":"https:\/\/www.fotocasa.es\/fotocasa-life\/wp-json\/wp\/v2\/tags?post=7022"}],"curies":[{"name":"wp","href":"https:\/\/api.w.org\/{rel}","templated":true}]}}