{"id":69961,"date":"2022-08-08T09:30:20","date_gmt":"2022-08-08T07:30:20","guid":{"rendered":"https:\/\/www.fotocasa.es\/fotocasa-life\/?p=69961"},"modified":"2022-08-08T10:51:17","modified_gmt":"2022-08-08T08:51:17","slug":"subida-de-tipos-de-interes-en-espana","status":"publish","type":"post","link":"https:\/\/www.fotocasa.es\/fotocasa-life\/hipotecas-finanzas\/subida-de-tipos-de-interes-en-espana\/","title":{"rendered":"Subida de tipos de inter\u00e9s en Espa\u00f1a, \u00bfc\u00f3mo afectar\u00e1 al mercado inmobiliario?"},"content":{"rendered":"<p>El mercado inmobiliario atraviesa un gran momento. Despu\u00e9s de unos meses de par\u00f3n e incertidumbre a ra\u00edz de la pandemia, en enero se registr\u00f3 <b>el mejor inicio de a\u00f1o en los \u00faltimos 14 a\u00f1os en compraventas de viviendas<\/b>. Sin embargo, la reciente <a href=\"https:\/\/www.fotocasa.es\/fotocasa-life\/economia\/el-banco-central-europeo-sube-los-tipos-de-interes-en-50-puntos-basicos-despues-de-11-anos\/\"><b>subida de los tipos de inter\u00e9s anunciada por el Banco Central Europeo<\/b><\/a><b> <\/b><b>en 50 puntos b\u00e1sicos, unida a una inflaci\u00f3n incesante y a la subida de los precios de las viviendas, est\u00e1 creando incertidubre en el sector<\/b>.<\/p>\n<p>En este art\u00edculo analizaremos <strong>por qu\u00e9 el Banco Central subi\u00f3 los tipos de inter\u00e9s y c\u00f3mo esta decisi\u00f3n afectar\u00e1 al mercado inmobiliario<\/strong> y, en consecuencia, a los ciudadanos espa\u00f1oles.<\/p>\n<p>&nbsp;<\/p>\n<h2><b>\u00bfPor qu\u00e9 motivo el Banco Central subi\u00f3 los tipos de inter\u00e9s?<\/b><\/h2>\n<p>El Banco Central Europeo se ha visto obligado a subir los tipos de inter\u00e9s <b>por la fuerte <\/b><a href=\"https:\/\/www.fotocasa.es\/fotocasa-life\/mercado-inmobiliario\/afectara-la-inflacion-al-mercado-inmobiliario-espanol-en-2022\/\"><b>subida de la inflaci\u00f3n<\/b><\/a><b>, que en julio lleg\u00f3 a alcanzar el 10,6%<\/b>, a ra\u00edz del conflicto b\u00e9lico entre Rusia y Ucrania, y la crisis energ\u00e9tica que \u00e9sta ha provocado. Un dato de por s\u00ed preocupante y m\u00e1s teniendo en cuenta que <b>el organismo marca que la inflaci\u00f3n en la Uni\u00f3n Europea tiene que ser, como m\u00e1ximo, del 2%<\/b>.<\/p>\n<p>Asimismo, con la subida de los tipos <strong>el BCE tambi\u00e9n <\/strong><b>pretende frenar el riesgo de recesi\u00f3n econ\u00f3mica,<\/b> que viene dada, principalmente, por la p\u00e9rdida del poder adquisitivo de las familias europeas.<\/p>\n","protected":false},"excerpt":{"rendered":"<p>El Banco Central Europeo subi\u00f3 los tipos de inter\u00e9s en 50 puntos b\u00e1sicos, despu\u00e9s de 11 a\u00f1os, el pasado 21 de julio<\/p>\n","protected":false},"author":3,"featured_media":69967,"comment_status":"open","ping_status":"closed","sticky":false,"template":"","format":"standard","meta":{"_lmt_disableupdate":"yes","_lmt_disable":"","footnotes":""},"categories":[6],"tags":[5585,5584,5586],"class_list":["post-69961","post","type-post","status-publish","format-standard","has-post-thumbnail","hentry","category-hipotecas-finanzas","tag-subida-tipos","tag-subida-tipos-de-interes","tag-tipos-de-interes-2022"],"modified_by":"Agustina Battioli","_links":{"self":[{"href":"https:\/\/www.fotocasa.es\/fotocasa-life\/wp-json\/wp\/v2\/posts\/69961","targetHints":{"allow":["GET"]}}],"collection":[{"href":"https:\/\/www.fotocasa.es\/fotocasa-life\/wp-json\/wp\/v2\/posts"}],"about":[{"href":"https:\/\/www.fotocasa.es\/fotocasa-life\/wp-json\/wp\/v2\/types\/post"}],"author":[{"embeddable":true,"href":"https:\/\/www.fotocasa.es\/fotocasa-life\/wp-json\/wp\/v2\/users\/3"}],"replies":[{"embeddable":true,"href":"https:\/\/www.fotocasa.es\/fotocasa-life\/wp-json\/wp\/v2\/comments?post=69961"}],"version-history":[{"count":0,"href":"https:\/\/www.fotocasa.es\/fotocasa-life\/wp-json\/wp\/v2\/posts\/69961\/revisions"}],"wp:featuredmedia":[{"embeddable":true,"href":"https:\/\/www.fotocasa.es\/fotocasa-life\/wp-json\/wp\/v2\/media\/69967"}],"wp:attachment":[{"href":"https:\/\/www.fotocasa.es\/fotocasa-life\/wp-json\/wp\/v2\/media?parent=69961"}],"wp:term":[{"taxonomy":"category","embeddable":true,"href":"https:\/\/www.fotocasa.es\/fotocasa-life\/wp-json\/wp\/v2\/categories?post=69961"},{"taxonomy":"post_tag","embeddable":true,"href":"https:\/\/www.fotocasa.es\/fotocasa-life\/wp-json\/wp\/v2\/tags?post=69961"}],"curies":[{"name":"wp","href":"https:\/\/api.w.org\/{rel}","templated":true}]}}