{"id":69955,"date":"2022-04-20T11:30:36","date_gmt":"2022-04-20T09:30:36","guid":{"rendered":"https:\/\/www.fotocasa.es\/fotocasa-life\/?p=69955"},"modified":"2022-04-20T11:42:20","modified_gmt":"2022-04-20T09:42:20","slug":"un-54-de-los-compradores-pagaria-mas-por-una-vivienda-sostenible","status":"publish","type":"post","link":"https:\/\/www.fotocasa.es\/fotocasa-life\/sostenibilidad\/un-54-de-los-compradores-pagaria-mas-por-una-vivienda-sostenible\/","title":{"rendered":"Un 54% de los compradores pagar\u00eda m\u00e1s por una vivienda sostenible"},"content":{"rendered":"<p><span style=\"font-weight: 400;\">La importancia de la sostenibilidad es una realidad y se ha convertido en un requisito para\u00a0 la poblaci\u00f3n en todos los \u00e1mbitos, incluyendo el sector inmobiliario. Desde el alquiler hasta la compra, pasando por la rehabilitaci\u00f3n y la creaci\u00f3n de entornos verdes, la\u00a0 demanda de una vivienda m\u00e1s sostenible est\u00e1 cada vez m\u00e1s presente entre los\u00a0 ciudadanos. As\u00ed, <\/span><b>el 54% de los espa\u00f1oles en proceso de mudarse a un inmueble en\u00a0 propiedad reconoce que <a href=\"https:\/\/www.fotocasa.es\/fotocasa-life\/sostenibilidad\/la-mitad-de-los-espanoles-estaria-dispuesto-a-pagar-mas-por-una-casa-sostenible\/\">pagar\u00eda m\u00e1s por una vivienda sostenible<\/a><\/b><span style=\"font-weight: 400;\">. Esta es una de las\u00a0 principales conclusiones del informe <\/span><i><span style=\"font-weight: 400;\">\u201c<strong>La Sostenibilidad en la Demanda de Vivienda en <\/strong><\/span><\/i><strong><i>\u00a0<\/i><i>Espa\u00f1a<\/i><\/strong><i><span style=\"font-weight: 400;\">\u201d<\/span><\/i> <span style=\"font-weight: 400;\">elaborado conjuntamente entre <\/span><span style=\"font-weight: 400;\">Solvia<\/span> <span style=\"font-weight: 400;\">y <\/span><span style=\"font-weight: 400;\">Fotocasa<\/span><span style=\"font-weight: 400;\">.\u00a0<\/span><\/p>\n<p><span style=\"font-weight: 400;\">En este sentido, el r\u00e9gimen de propiedad influye en esta predisposici\u00f3n a mudarse a una\u00a0 vivienda m\u00e1s sostenible. Si lo comparamos con los espa\u00f1oles interesados en mudarse a\u00a0 una vivienda en alquiler, <\/span><b>la predisposici\u00f3n disminuye hasta un 39%<\/b><span style=\"font-weight: 400;\">. Asimismo, el\u00a0 informe apunta a que la sostenibilidad ha tomado un papel protagonista en la b\u00fasqueda\u00a0 de vivienda: <\/span><b>el 95,3% de los espa\u00f1oles que quieren mudarse<\/b><span style=\"font-weight: 400;\">, ya sea en r\u00e9gimen de\u00a0 alquiler o en propiedad, <\/span><b>considera importante vivir en una casa sostenible.<\/b><\/p>\n","protected":false},"excerpt":{"rendered":"<p>El precio es el motivo principal por el que los m\u00e1s reacios no se decantan a invertir  en vivienda sostenible, en concreto para un 61%<\/p>\n","protected":false},"author":182,"featured_media":69960,"comment_status":"open","ping_status":"closed","sticky":false,"template":"","format":"standard","meta":{"_lmt_disableupdate":"yes","_lmt_disable":"","footnotes":""},"categories":[4274],"tags":[4368,117,5583,5582,465],"class_list":["post-69955","post","type-post","status-publish","format-standard","has-post-thumbnail","hentry","category-sostenibilidad","tag-casas-pasivas","tag-ecologia","tag-objetivo-ecologia","tag-vivienda-eco","tag-vivienda-sostenible"],"modified_by":"Agustina Battioli","_links":{"self":[{"href":"https:\/\/www.fotocasa.es\/fotocasa-life\/wp-json\/wp\/v2\/posts\/69955","targetHints":{"allow":["GET"]}}],"collection":[{"href":"https:\/\/www.fotocasa.es\/fotocasa-life\/wp-json\/wp\/v2\/posts"}],"about":[{"href":"https:\/\/www.fotocasa.es\/fotocasa-life\/wp-json\/wp\/v2\/types\/post"}],"author":[{"embeddable":true,"href":"https:\/\/www.fotocasa.es\/fotocasa-life\/wp-json\/wp\/v2\/users\/182"}],"replies":[{"embeddable":true,"href":"https:\/\/www.fotocasa.es\/fotocasa-life\/wp-json\/wp\/v2\/comments?post=69955"}],"version-history":[{"count":0,"href":"https:\/\/www.fotocasa.es\/fotocasa-life\/wp-json\/wp\/v2\/posts\/69955\/revisions"}],"wp:featuredmedia":[{"embeddable":true,"href":"https:\/\/www.fotocasa.es\/fotocasa-life\/wp-json\/wp\/v2\/media\/69960"}],"wp:attachment":[{"href":"https:\/\/www.fotocasa.es\/fotocasa-life\/wp-json\/wp\/v2\/media?parent=69955"}],"wp:term":[{"taxonomy":"category","embeddable":true,"href":"https:\/\/www.fotocasa.es\/fotocasa-life\/wp-json\/wp\/v2\/categories?post=69955"},{"taxonomy":"post_tag","embeddable":true,"href":"https:\/\/www.fotocasa.es\/fotocasa-life\/wp-json\/wp\/v2\/tags?post=69955"}],"curies":[{"name":"wp","href":"https:\/\/api.w.org\/{rel}","templated":true}]}}